{"id":11565,"date":"2021-11-04T15:17:33","date_gmt":"2021-11-04T15:17:33","guid":{"rendered":"https:\/\/www.elgrillitosuena.com\/inicio\/?p=11565"},"modified":"2021-11-05T18:30:34","modified_gmt":"2021-11-05T18:30:34","slug":"se-entregaron-65-becas-especiales-pamar","status":"publish","type":"post","link":"https:\/\/www.elgrillitosuena.com\/inicio\/noticias\/uruapan\/se-entregaron-65-becas-especiales-pamar\/","title":{"rendered":"Se entregaron 65 becas Especiales PAMAR"},"content":{"rendered":"<p><img decoding=\"async\" loading=\"lazy\" class=\"alignnone wp-image-11566\" src=\"https:\/\/www.elgrillitosuena.com\/inicio\/wp-content\/uploads\/2021\/11\/WhatsApp-Image-2021-11-05-at-12.05.20-PM-300x201.jpeg\" alt=\"\" width=\"693\" height=\"464\" srcset=\"https:\/\/www.elgrillitosuena.com\/inicio\/wp-content\/uploads\/2021\/11\/WhatsApp-Image-2021-11-05-at-12.05.20-PM-300x201.jpeg 300w, https:\/\/www.elgrillitosuena.com\/inicio\/wp-content\/uploads\/2021\/11\/WhatsApp-Image-2021-11-05-at-12.05.20-PM-768x514.jpeg 768w, https:\/\/www.elgrillitosuena.com\/inicio\/wp-content\/uploads\/2021\/11\/WhatsApp-Image-2021-11-05-at-12.05.20-PM-110x75.jpeg 110w, https:\/\/www.elgrillitosuena.com\/inicio\/wp-content\/uploads\/2021\/11\/WhatsApp-Image-2021-11-05-at-12.05.20-PM.jpeg 1024w\" sizes=\"(max-width: 693px) 100vw, 693px\" \/><\/p>\n<p>Con el objetivo de apoyar econ\u00f3micamente a ni\u00f1os y ni\u00f1as con capacidades especiales, el Sistema Municipal para el Desarrollo Integral de las Familias (DIF) a trav\u00e9s del Programa de Atenci\u00f3n a Menores y Adolescentes en Riesgo (PAMAR), dio continuidad a la entrega de Becas Especiales.<\/p>\n<p><img decoding=\"async\" loading=\"lazy\" class=\"alignnone wp-image-11567\" src=\"https:\/\/www.elgrillitosuena.com\/inicio\/wp-content\/uploads\/2021\/11\/WhatsApp-Image-2021-11-05-at-12.05.20-PM-1-300x201.jpeg\" alt=\"\" width=\"645\" height=\"432\" srcset=\"https:\/\/www.elgrillitosuena.com\/inicio\/wp-content\/uploads\/2021\/11\/WhatsApp-Image-2021-11-05-at-12.05.20-PM-1-300x201.jpeg 300w, https:\/\/www.elgrillitosuena.com\/inicio\/wp-content\/uploads\/2021\/11\/WhatsApp-Image-2021-11-05-at-12.05.20-PM-1-768x514.jpeg 768w, https:\/\/www.elgrillitosuena.com\/inicio\/wp-content\/uploads\/2021\/11\/WhatsApp-Image-2021-11-05-at-12.05.20-PM-1-110x75.jpeg 110w, https:\/\/www.elgrillitosuena.com\/inicio\/wp-content\/uploads\/2021\/11\/WhatsApp-Image-2021-11-05-at-12.05.20-PM-1.jpeg 1024w\" sizes=\"(max-width: 645px) 100vw, 645px\" \/><\/p>\n<p>Yadira del Roc\u00edo Ram\u00edrez Mora, presidenta honoraria del DIF municipal fue la encargada de hacer entrega del recurso econ\u00f3mico que permitir\u00e1 a los padres de los infantes cubrir parte de sus necesidades b\u00e1sicas, adem\u00e1s de brindarles la oportunidad de adquirir terapias de rehabilitaci\u00f3n, ocupacional o de educaci\u00f3n especial.<\/p>\n<p><img decoding=\"async\" loading=\"lazy\" class=\"alignnone wp-image-11568\" src=\"https:\/\/www.elgrillitosuena.com\/inicio\/wp-content\/uploads\/2021\/11\/WhatsApp-Image-2021-11-05-at-12.05.19-PM-300x201.jpeg\" alt=\"\" width=\"645\" height=\"432\" srcset=\"https:\/\/www.elgrillitosuena.com\/inicio\/wp-content\/uploads\/2021\/11\/WhatsApp-Image-2021-11-05-at-12.05.19-PM-300x201.jpeg 300w, https:\/\/www.elgrillitosuena.com\/inicio\/wp-content\/uploads\/2021\/11\/WhatsApp-Image-2021-11-05-at-12.05.19-PM-768x514.jpeg 768w, https:\/\/www.elgrillitosuena.com\/inicio\/wp-content\/uploads\/2021\/11\/WhatsApp-Image-2021-11-05-at-12.05.19-PM-110x75.jpeg 110w, https:\/\/www.elgrillitosuena.com\/inicio\/wp-content\/uploads\/2021\/11\/WhatsApp-Image-2021-11-05-at-12.05.19-PM.jpeg 1024w\" sizes=\"(max-width: 645px) 100vw, 645px\" \/><\/p>\n<p>Record\u00f3 que en el sistema DIF contin\u00faa el trabajo y la gesti\u00f3n de recursos para que m\u00e1s personas especiales sean beneficiadas, as\u00ed que invit\u00f3 a sumarse al programa de Bienestar para personas con alguna discapacidad, el cual se encuentra abierto y cuenta con dos beneficios importantes como el econ\u00f3mico, que es mayor a 2 mil 700 pesos bimestrales, y el otro que en autom\u00e1tico les permite recibir la rehabilitaci\u00f3n de la Asociaci\u00f3n Civil Telet\u00f3n.<\/p>\n","protected":false},"excerpt":{"rendered":"<p>Con el objetivo de apoyar econ\u00f3micamente a ni\u00f1os y ni\u00f1as con capacidades especiales, el Sistema Municipal para el Desarrollo Integral de las Familias (DIF) a trav\u00e9s del Programa de Atenci\u00f3n a Menores y Adolescentes en Riesgo (PAMAR), dio continuidad a la entrega de Becas Especiales. Yadira del Roc\u00edo Ram\u00edrez Mora, presidenta honoraria del DIF municipal &hellip;<\/p>\n","protected":false},"author":6,"featured_media":11566,"comment_status":"open","ping_status":"closed","sticky":false,"template":"","format":"standard","meta":[],"categories":[37],"tags":[3256,750,3045],"_links":{"self":[{"href":"https:\/\/www.elgrillitosuena.com\/inicio\/wp-json\/wp\/v2\/posts\/11565"}],"collection":[{"href":"https:\/\/www.elgrillitosuena.com\/inicio\/wp-json\/wp\/v2\/posts"}],"about":[{"href":"https:\/\/www.elgrillitosuena.com\/inicio\/wp-json\/wp\/v2\/types\/post"}],"author":[{"embeddable":true,"href":"https:\/\/www.elgrillitosuena.com\/inicio\/wp-json\/wp\/v2\/users\/6"}],"replies":[{"embeddable":true,"href":"https:\/\/www.elgrillitosuena.com\/inicio\/wp-json\/wp\/v2\/comments?post=11565"}],"version-history":[{"count":1,"href":"https:\/\/www.elgrillitosuena.com\/inicio\/wp-json\/wp\/v2\/posts\/11565\/revisions"}],"predecessor-version":[{"id":11569,"href":"https:\/\/www.elgrillitosuena.com\/inicio\/wp-json\/wp\/v2\/posts\/11565\/revisions\/11569"}],"wp:featuredmedia":[{"embeddable":true,"href":"https:\/\/www.elgrillitosuena.com\/inicio\/wp-json\/wp\/v2\/media\/11566"}],"wp:attachment":[{"href":"https:\/\/www.elgrillitosuena.com\/inicio\/wp-json\/wp\/v2\/media?parent=11565"}],"wp:term":[{"taxonomy":"category","embeddable":true,"href":"https:\/\/www.elgrillitosuena.com\/inicio\/wp-json\/wp\/v2\/categories?post=11565"},{"taxonomy":"post_tag","embeddable":true,"href":"https:\/\/www.elgrillitosuena.com\/inicio\/wp-json\/wp\/v2\/tags?post=11565"}],"curies":[{"name":"wp","href":"https:\/\/api.w.org\/{rel}","templated":true}]}}