{"id":11485,"date":"2021-11-04T16:47:58","date_gmt":"2021-11-04T16:47:58","guid":{"rendered":"https:\/\/www.elgrillitosuena.com\/inicio\/?p=11485"},"modified":"2021-11-04T16:47:58","modified_gmt":"2021-11-04T16:47:58","slug":"caso-lozoya-lopez-obrador-confia-que-gertz-manero-termine-su-vida-con-dignidad","status":"publish","type":"post","link":"https:\/\/www.elgrillitosuena.com\/inicio\/noticias\/mexico\/caso-lozoya-lopez-obrador-confia-que-gertz-manero-termine-su-vida-con-dignidad\/","title":{"rendered":"Caso Lozoya: L\u00f3pez Obrador conf\u00eda que Gertz Manero termine su vida con dignidad"},"content":{"rendered":"<p><img decoding=\"async\" src=\"https:\/\/cdn2.excelsior.com.mx\/media\/styles\/image800x600\/public\/pictures\/2021\/11\/04\/2667112.jpg\" \/><\/p>\n<p>Luego de que ayer se dictara\u00a0<strong>previsi\u00f3n preventiva al ex director de Pemex, Emilio Lozoya,\u00a0<\/strong>el presidente Andr\u00e9s Manuel L\u00f3pez Obrador reiter\u00f3 su respaldo a la Fiscal\u00eda General de la Rep\u00fablica (FGR) y confi\u00f3 en que el fiscal Alejandro Gertz Manero \u201cterminar\u00e1 el \u00faltimo tramo de su vida con dignidad\u201d.<\/p>\n<p>En conferencia en Palacio Nacional, el mandatario reiter\u00f3 su confianza en el fiscal de 82 a\u00f1os de edad, quien en 2019 fue nombrado como el\u00a0<strong>primer Fiscal General del pa\u00eds para\u00a0un periodo de\u00a0nueve a\u00f1os.<\/strong><\/p>\n<p>Tambi\u00e9n manifest\u00f3 que espera que los responsables de actos de corrupci\u00f3n relacionados con sobornos ligados a Odebrecht y la aprobaci\u00f3n de la Reforma Energ\u00e9tica sean llevados ante la ley.<\/p>\n<blockquote><p>Conf\u00edo en que terminar\u00e1 el \u00faltimo tramo de su vida con dignidad. Lo de ayer es parte de la misma investigaci\u00f3n, creo que se debe de castigar a todos los responsables de recibir sobornos\u201d, mencion\u00f3.<\/p><\/blockquote>\n<p>Critic\u00f3 que mientras en otras naciones en donde hubo sobornos de Odebrecht a funcionarios, \u00e9stos fueron castigados, pero\u00a0<strong>en el caso de M\u00e9xico \u201cse tap\u00f3 el asunto\u201d\u00a0<\/strong>y no es sino hasta ahora que se investiga el presunto delito para dar con los responsables.<\/p>\n<p>L\u00f3pez Obrador sostuvo adem\u00e1s que durante el periodo del gobierno de Felipe Calder\u00f3n Hinojosa se cre\u00f3 un consejo de administraci\u00f3n de Odebrecht en Los Pinos.<\/p>\n<p>\u201cHasta ahora estamos nosotros corrigiendo lo de Odebrecht con Pemex porque se firm\u00f3 un acuerdo con esa empresa para que Pemex le vendiera gas metano con precios subsidiados y otras ventajas y ya aceptaron que se modifique ese contrato y nos vamos a ahorrar much\u00edsimo dinero, pero hay muchas cosas pendientes, el dinero entregado por sobornos\u201d, expres\u00f3.<\/p>\n<p>El presidente celebr\u00f3 la actuaci\u00f3n de la FGR, as\u00ed como del Poder Judicial, y en especial al juez de control Artemio Z\u00fa\u00f1iga, por cambiar la medida cautelar de libertad condicional de la que gozaba Lozoya Austin para dictarle la prisi\u00f3n preventiva a solicitud de la Fiscal\u00eda.<\/p>\n<p>LOZOYA DUERME EN EL RECLUSORIO NORTE<\/p>\n<p>La prisi\u00f3n preventiva emitida contra Lozoya Austin se dio porque no ha cumplido con los requisitos para obtener el criterio de oportunidad, adem\u00e1s por el riesgo existente de fuga, de acuerdo con la FGR.<\/p>\n<p>Cabe destacar que el ex director de Pemex es acusado de\u00a0los delitos de cohecho,\u00a0uso de recursos de procedencia il\u00edcita y asociaci\u00f3n delictuosa.<\/p>\n<p>La decisi\u00f3n del juez adem\u00e1s se da despu\u00e9s de que el pasado 9 de octubre, Lozoya Austin fue catado en el<strong>\u00a0restaurante Hunan<\/strong>, de las Lomas de Chapultepec, lo que si bien no fue ilegal, s\u00ed provoc\u00f3 una serie de cr\u00edticas por los beneficios que disfrutaba como colaborador de la FGR, en las investigaciones por el pago de un soborno de 10.5 millones de d\u00f3lares de la empresa brasile\u00f1a Odebrecht.<\/p>\n<p>Con informaci\u00f3n de Exc\u00e9lsior<\/p>\n","protected":false},"excerpt":{"rendered":"<p>Luego de que ayer se dictara\u00a0previsi\u00f3n preventiva al ex director de Pemex, Emilio Lozoya,\u00a0el presidente Andr\u00e9s Manuel L\u00f3pez Obrador reiter\u00f3 su respaldo a la Fiscal\u00eda General de la Rep\u00fablica (FGR) y confi\u00f3 en que el fiscal Alejandro Gertz Manero \u201cterminar\u00e1 el \u00faltimo tramo de su vida con dignidad\u201d. En conferencia en Palacio Nacional, el mandatario &hellip;<\/p>\n","protected":false},"author":6,"featured_media":11486,"comment_status":"open","ping_status":"closed","sticky":false,"template":"","format":"standard","meta":[],"categories":[39],"tags":[98,2946,1494,3031],"_links":{"self":[{"href":"https:\/\/www.elgrillitosuena.com\/inicio\/wp-json\/wp\/v2\/posts\/11485"}],"collection":[{"href":"https:\/\/www.elgrillitosuena.com\/inicio\/wp-json\/wp\/v2\/posts"}],"about":[{"href":"https:\/\/www.elgrillitosuena.com\/inicio\/wp-json\/wp\/v2\/types\/post"}],"author":[{"embeddable":true,"href":"https:\/\/www.elgrillitosuena.com\/inicio\/wp-json\/wp\/v2\/users\/6"}],"replies":[{"embeddable":true,"href":"https:\/\/www.elgrillitosuena.com\/inicio\/wp-json\/wp\/v2\/comments?post=11485"}],"version-history":[{"count":1,"href":"https:\/\/www.elgrillitosuena.com\/inicio\/wp-json\/wp\/v2\/posts\/11485\/revisions"}],"predecessor-version":[{"id":11487,"href":"https:\/\/www.elgrillitosuena.com\/inicio\/wp-json\/wp\/v2\/posts\/11485\/revisions\/11487"}],"wp:featuredmedia":[{"embeddable":true,"href":"https:\/\/www.elgrillitosuena.com\/inicio\/wp-json\/wp\/v2\/media\/11486"}],"wp:attachment":[{"href":"https:\/\/www.elgrillitosuena.com\/inicio\/wp-json\/wp\/v2\/media?parent=11485"}],"wp:term":[{"taxonomy":"category","embeddable":true,"href":"https:\/\/www.elgrillitosuena.com\/inicio\/wp-json\/wp\/v2\/categories?post=11485"},{"taxonomy":"post_tag","embeddable":true,"href":"https:\/\/www.elgrillitosuena.com\/inicio\/wp-json\/wp\/v2\/tags?post=11485"}],"curies":[{"name":"wp","href":"https:\/\/api.w.org\/{rel}","templated":true}]}}