{"id":11328,"date":"2021-11-01T17:04:13","date_gmt":"2021-11-01T17:04:13","guid":{"rendered":"https:\/\/www.elgrillitosuena.com\/inicio\/?p=11328"},"modified":"2021-11-01T17:04:13","modified_gmt":"2021-11-01T17:04:13","slug":"mexico-pide-a-paises-ricos-que-den-100-mil-mdd-anuales-para-enfrentar-cambio-climatico","status":"publish","type":"post","link":"https:\/\/www.elgrillitosuena.com\/inicio\/noticias\/mundo\/mexico-pide-a-paises-ricos-que-den-100-mil-mdd-anuales-para-enfrentar-cambio-climatico\/","title":{"rendered":"M\u00e9xico pide a pa\u00edses ricos que den 100 mil mdd anuales para enfrentar cambio clim\u00e1tico"},"content":{"rendered":"<p><img decoding=\"async\" src=\"https:\/\/www.radioformula.com.mx\/wp-content\/uploads\/2021\/10\/Mexico-pide-a-paises-ricos-que-den-100-mil-mdd-anuales-para-enfrentar-cambio-climatico_2-780x470.jpg\" alt=\"M\u00e9xico pide a pa\u00edses ricos que den 100 mil mdd anuales para enfrentar cambio clim\u00e1tico\" \/><\/p>\n<p>El canciller<strong>\u00a0Marcelo Ebrard<\/strong>\u00a0llam\u00f3 a los dirigentes de las mayores econom\u00edas del mundo a liberar fondos anuales de 100 mil millones de d\u00f3lares para que los pa\u00edses en desarrollo puedan combatir el\u00a0<strong>cambio clim\u00e1tico.<\/strong><\/p>\n<p>En su segundo d\u00eda de participaci\u00f3n en la Cumbre de L\u00edderes del G20, que se celebr\u00f3 ayer y hoy en Roma, Italia, el secretario de Relaciones Extejores destac\u00f3 la urgencia y entusiasmo con el que M\u00e9xico act\u00faa para ampliar y cumplir con sus metas de combate al cambio clim\u00e1tico.<\/p>\n<p>Ebrard reiter\u00f3 el compromiso de M\u00e9xico de reducir sus emisiones de metano y expuso la contribuci\u00f3n del programa \u201cSembrando Vida\u201d.<\/p>\n<p>\u201cTenemos el programa de reforestaci\u00f3n m\u00e1s grande del continente. Ahora est\u00e1n trabajando en esa reforestaci\u00f3n 400 mil personas\u201d, dijo el canciller Ebrard.<\/p>\n<p>El canciller mexicano expuso la preocupaci\u00f3n de los pa\u00edses de Am\u00e9rica Latina y el Caribe, expresada en la \u00faltima Cumbre de la Comunidad de Estados Caribe\u00f1os y Latinoamericanos (Celac), sobre la dificultad para lograr las metas de mitigaci\u00f3n de cambio clim\u00e1tico, dada la crisis econ\u00f3mica provocada por la pandemia.<\/p>\n<p>Reconoci\u00f3 el esfuerzo de diversas naciones en materia de adaptaci\u00f3n al cambio clim\u00e1tico, pero enfatiz\u00f3 que los pa\u00edses m\u00e1s desarrollados deben actuar con el sentido de justicia con los pa\u00edses con menos recursos.<\/p>\n<p><img decoding=\"async\" src=\"https:\/\/www.radioformula.com.mx\/wp-content\/uploads\/2021\/10\/Mexico-pide-a-paises-ricos-que-den-100-mil-mdd-anuales-para-enfrentar-cambio-climatico_1.jpg\" alt=\"M\u00e9xico pide a pa\u00edses ricos que den 100 mil mdd anuales para enfrentar cambio clim\u00e1tico\" \/><\/p>\n<p>Por ello, llam\u00f3 al G20 a aportar los 100 mil millones de d\u00f3lares que se prometieron desde 2020 para el combate al cambio clim\u00e1tico.<\/p>\n<blockquote><p>\u201cEstamos en un momento cr\u00edtico para que efectivamente se implementen. Van a tener que ser recursos p\u00fablicos porque los pa\u00edses que los necesitan no tienen capacidad de endeudamiento\u201d, declar\u00f3 el canciller.<\/p><\/blockquote>\n<p>En ese sentido, celebr\u00f3 que la Declaraci\u00f3n de la Cumbre incluya un p\u00e1rrafo en el que las naciones del G20 se comprometen a facilitar el acceso de pa\u00edses en desarrollo.<\/p>\n<p>Con informaci\u00f3n de Radio F\u00f3rmula<\/p>\n","protected":false},"excerpt":{"rendered":"<p>El canciller\u00a0Marcelo Ebrard\u00a0llam\u00f3 a los dirigentes de las mayores econom\u00edas del mundo a liberar fondos anuales de 100 mil millones de d\u00f3lares para que los pa\u00edses en desarrollo puedan combatir el\u00a0cambio clim\u00e1tico. En su segundo d\u00eda de participaci\u00f3n en la Cumbre de L\u00edderes del G20, que se celebr\u00f3 ayer y hoy en Roma, Italia, el &hellip;<\/p>\n","protected":false},"author":6,"featured_media":11329,"comment_status":"open","ping_status":"closed","sticky":false,"template":"","format":"standard","meta":[],"categories":[40],"tags":[239,3189,245],"_links":{"self":[{"href":"https:\/\/www.elgrillitosuena.com\/inicio\/wp-json\/wp\/v2\/posts\/11328"}],"collection":[{"href":"https:\/\/www.elgrillitosuena.com\/inicio\/wp-json\/wp\/v2\/posts"}],"about":[{"href":"https:\/\/www.elgrillitosuena.com\/inicio\/wp-json\/wp\/v2\/types\/post"}],"author":[{"embeddable":true,"href":"https:\/\/www.elgrillitosuena.com\/inicio\/wp-json\/wp\/v2\/users\/6"}],"replies":[{"embeddable":true,"href":"https:\/\/www.elgrillitosuena.com\/inicio\/wp-json\/wp\/v2\/comments?post=11328"}],"version-history":[{"count":1,"href":"https:\/\/www.elgrillitosuena.com\/inicio\/wp-json\/wp\/v2\/posts\/11328\/revisions"}],"predecessor-version":[{"id":11330,"href":"https:\/\/www.elgrillitosuena.com\/inicio\/wp-json\/wp\/v2\/posts\/11328\/revisions\/11330"}],"wp:featuredmedia":[{"embeddable":true,"href":"https:\/\/www.elgrillitosuena.com\/inicio\/wp-json\/wp\/v2\/media\/11329"}],"wp:attachment":[{"href":"https:\/\/www.elgrillitosuena.com\/inicio\/wp-json\/wp\/v2\/media?parent=11328"}],"wp:term":[{"taxonomy":"category","embeddable":true,"href":"https:\/\/www.elgrillitosuena.com\/inicio\/wp-json\/wp\/v2\/categories?post=11328"},{"taxonomy":"post_tag","embeddable":true,"href":"https:\/\/www.elgrillitosuena.com\/inicio\/wp-json\/wp\/v2\/tags?post=11328"}],"curies":[{"name":"wp","href":"https:\/\/api.w.org\/{rel}","templated":true}]}}