{"id":11322,"date":"2021-11-01T16:55:09","date_gmt":"2021-11-01T16:55:09","guid":{"rendered":"https:\/\/www.elgrillitosuena.com\/inicio\/?p=11322"},"modified":"2021-11-01T16:55:09","modified_gmt":"2021-11-01T16:55:09","slug":"pandemia-modifico-rituales-por-dia-de-muertos-y-visita-a-los-panteones","status":"publish","type":"post","link":"https:\/\/www.elgrillitosuena.com\/inicio\/noticias\/mexico\/pandemia-modifico-rituales-por-dia-de-muertos-y-visita-a-los-panteones\/","title":{"rendered":"Pandemia modific\u00f3 rituales por D\u00eda de Muertos y visita a los panteones"},"content":{"rendered":"<p><img decoding=\"async\" src=\"https:\/\/cdn2.excelsior.com.mx\/media\/styles\/image800x600\/public\/pictures\/2021\/11\/01\/2665514.jpg\" \/><\/p>\n<p>La apertura de panteones, a m\u00e1s de un a\u00f1o de la covid, \u201ctiene una parte emocional muy fuerte en t\u00e9rminos de vincularse con los que se fueron\u201d, Felipe Gayt\u00e1n Alcal\u00e1 investigador de la Facultad de Humanidades y Ciencias Sociales de Universidad La Salle.<\/p>\n<p>En 2020, los panteones estuvieron cerrados para evitar contagios por la covid, miles de familias debieron trasladar sus rituales a casa. \u201cTe vas a encontrar muchos altares en casas, entonces del\u00a0pante\u00f3n, te vas a trasladar a la casa\u201d, se\u00f1ala Gayt\u00e1n.<\/p>\n<blockquote><p>La pandemia modific\u00f3 los rituales\u201d, precisa el investigador. \u201cC\u00f3mo nos reconciliamos con la muerte, porque recordemos que muchos de los que fallecieron durante la pandemia, no fueron enterrados, sino que fueron cremados y entonces eso cambia una perspectiva de c\u00f3mo vivir el D\u00eda de Muertos, porque no hay un lugar, sino m\u00e1s bien el recuerdo\u201d, hace notar Gayt\u00e1n Alcal\u00e1.<\/p><\/blockquote>\n<p>En varias partes del pa\u00eds y en la Ciudad de M\u00e9xico abrieron los panteones del 25 al 31 de octubre, el ingreso se permiti\u00f3 con estrictas medidas de seguridad y bajo los protocolos establecidos durante la pandemia.<\/p>\n<blockquote><p>Claro que va a haber gente en los panteones, mucha gente tambi\u00e9n va a preferir estar en sus casas\u201d.<\/p><\/blockquote>\n<p>Para el especialista, en los panteones se va a reivindicar el sentido comunitario de volverse a vincular con sus muertos y volver a traer esta idea cultural de honrar la muerte, respetar la muerte.<\/p>\n<p>Con informaci\u00f3n de Exc\u00e9lsior<\/p>\n","protected":false},"excerpt":{"rendered":"<p>La apertura de panteones, a m\u00e1s de un a\u00f1o de la covid, \u201ctiene una parte emocional muy fuerte en t\u00e9rminos de vincularse con los que se fueron\u201d, Felipe Gayt\u00e1n Alcal\u00e1 investigador de la Facultad de Humanidades y Ciencias Sociales de Universidad La Salle. En 2020, los panteones estuvieron cerrados para evitar contagios por la covid, &hellip;<\/p>\n","protected":false},"author":6,"featured_media":11323,"comment_status":"open","ping_status":"closed","sticky":false,"template":"","format":"standard","meta":[],"categories":[39],"tags":[381,186,3102],"_links":{"self":[{"href":"https:\/\/www.elgrillitosuena.com\/inicio\/wp-json\/wp\/v2\/posts\/11322"}],"collection":[{"href":"https:\/\/www.elgrillitosuena.com\/inicio\/wp-json\/wp\/v2\/posts"}],"about":[{"href":"https:\/\/www.elgrillitosuena.com\/inicio\/wp-json\/wp\/v2\/types\/post"}],"author":[{"embeddable":true,"href":"https:\/\/www.elgrillitosuena.com\/inicio\/wp-json\/wp\/v2\/users\/6"}],"replies":[{"embeddable":true,"href":"https:\/\/www.elgrillitosuena.com\/inicio\/wp-json\/wp\/v2\/comments?post=11322"}],"version-history":[{"count":1,"href":"https:\/\/www.elgrillitosuena.com\/inicio\/wp-json\/wp\/v2\/posts\/11322\/revisions"}],"predecessor-version":[{"id":11324,"href":"https:\/\/www.elgrillitosuena.com\/inicio\/wp-json\/wp\/v2\/posts\/11322\/revisions\/11324"}],"wp:featuredmedia":[{"embeddable":true,"href":"https:\/\/www.elgrillitosuena.com\/inicio\/wp-json\/wp\/v2\/media\/11323"}],"wp:attachment":[{"href":"https:\/\/www.elgrillitosuena.com\/inicio\/wp-json\/wp\/v2\/media?parent=11322"}],"wp:term":[{"taxonomy":"category","embeddable":true,"href":"https:\/\/www.elgrillitosuena.com\/inicio\/wp-json\/wp\/v2\/categories?post=11322"},{"taxonomy":"post_tag","embeddable":true,"href":"https:\/\/www.elgrillitosuena.com\/inicio\/wp-json\/wp\/v2\/tags?post=11322"}],"curies":[{"name":"wp","href":"https:\/\/api.w.org\/{rel}","templated":true}]}}