{"id":11319,"date":"2021-11-01T16:50:13","date_gmt":"2021-11-01T16:50:13","guid":{"rendered":"https:\/\/www.elgrillitosuena.com\/inicio\/?p=11319"},"modified":"2021-11-01T16:50:13","modified_gmt":"2021-11-01T16:50:13","slug":"lo-mistico-es-parte-de-nosotros-amlo-envia-mensaje-por-el-dia-de-muertos","status":"publish","type":"post","link":"https:\/\/www.elgrillitosuena.com\/inicio\/noticias\/mexico\/lo-mistico-es-parte-de-nosotros-amlo-envia-mensaje-por-el-dia-de-muertos\/","title":{"rendered":"&#8220;Lo m\u00edstico es parte de nosotros&#8221;: AMLO env\u00eda mensaje por el D\u00eda de Muertos"},"content":{"rendered":"<p><img decoding=\"async\" src=\"https:\/\/heraldodemexico.com.mx\/u\/fotografias\/m\/2021\/10\/27\/f960x540-437240_511315_0.jpg\" alt=\"L\u00f3pez Obrador destac\u00f3 que la costumbre de recordar a quienes ya no est\u00e1n son muy arraigadas a nuestra cultura. FOTO: Cuartoscuro\" \/><\/p>\n<p>El\u00a0presidente Andr\u00e9s Manuel L\u00f3pez Obrador\u00a0comparti\u00f3 este lunes un mensaje por el<strong>\u00a0D\u00eda de Muertos,<\/strong>\u00a0en el que record\u00f3 a los seres queridos que ya no est\u00e1n f\u00edsicamente y destac\u00f3 que &#8220;lo\u00a0m\u00edstico es parte de nosotros&#8221;; el\u00a0<strong>mandatario<\/strong>\u00a0destac\u00f3 que el d\u00eda de hoy y ma\u00f1ana son d\u00edas &#8220;dedicados a nuestros\u00a0<strong>difuntos<\/strong>&#8221; y asegur\u00f3 que la costumbre de recordarlos y tenerlos siempre presentes en estas fechas est\u00e1 muy\u00a0arraigado en\u00a0nuestras\u00a0<strong>culturas<\/strong>.<\/p>\n<p>&#8220;Para los mexicanos, hoy y ma\u00f1ana son d\u00edas dedicados a nuestros difuntos. Est\u00e1n tan arraigadas nuestras culturas que no se dejan de visitar los\u00a0<strong>panteones<\/strong>, hacer caminitos con cempas\u00fachil hacia los\u00a0<strong>altares<\/strong>\u00a0de las casas&#8221;,\u00a0escribi\u00f3\u00a0<strong>L\u00f3pez Obrador<\/strong>\u00a0en su cuente de\u00a0<strong>Twitter<\/strong>.<\/p>\n<p>Adem\u00e1s, el\u00a0<strong>presidente<\/strong>\u00a0agreg\u00f3 una fotograf\u00eda de una flor conocida como &#8220;ca\u00f1a agria&#8221; la cual, se\u00f1al\u00f3, es en honor a todos: &#8220;No falta el pan, las\u00a0<strong>calaveritas<\/strong>, el dulce de calabaza, los tamales ni las maneas.\u00a0Nunca los olvidaremos y que sigan descansando en paz.\u00a0Lo m\u00edstico es parte de nosotros. Esta flor es en honor a todos. Se llama &#8216;ca\u00f1a agria&#8217;\u00a0y crece en el tr\u00f3pico&#8221;, indic\u00f3\u00a0<strong>AMLO<\/strong>.<\/p>\n<p>Con informaci\u00f3n de Heraldo de M\u00e9xico<\/p>\n<p>&nbsp;<\/p>\n<p>&nbsp;<\/p>\n","protected":false},"excerpt":{"rendered":"<p>El\u00a0presidente Andr\u00e9s Manuel L\u00f3pez Obrador\u00a0comparti\u00f3 este lunes un mensaje por el\u00a0D\u00eda de Muertos,\u00a0en el que record\u00f3 a los seres queridos que ya no est\u00e1n f\u00edsicamente y destac\u00f3 que &#8220;lo\u00a0m\u00edstico es parte de nosotros&#8221;; el\u00a0mandatario\u00a0destac\u00f3 que el d\u00eda de hoy y ma\u00f1ana son d\u00edas &#8220;dedicados a nuestros\u00a0difuntos&#8221; y asegur\u00f3 que la costumbre de recordarlos y tenerlos &hellip;<\/p>\n","protected":false},"author":6,"featured_media":11320,"comment_status":"open","ping_status":"closed","sticky":false,"template":"","format":"standard","meta":[],"categories":[39],"tags":[98,3203,381],"_links":{"self":[{"href":"https:\/\/www.elgrillitosuena.com\/inicio\/wp-json\/wp\/v2\/posts\/11319"}],"collection":[{"href":"https:\/\/www.elgrillitosuena.com\/inicio\/wp-json\/wp\/v2\/posts"}],"about":[{"href":"https:\/\/www.elgrillitosuena.com\/inicio\/wp-json\/wp\/v2\/types\/post"}],"author":[{"embeddable":true,"href":"https:\/\/www.elgrillitosuena.com\/inicio\/wp-json\/wp\/v2\/users\/6"}],"replies":[{"embeddable":true,"href":"https:\/\/www.elgrillitosuena.com\/inicio\/wp-json\/wp\/v2\/comments?post=11319"}],"version-history":[{"count":1,"href":"https:\/\/www.elgrillitosuena.com\/inicio\/wp-json\/wp\/v2\/posts\/11319\/revisions"}],"predecessor-version":[{"id":11321,"href":"https:\/\/www.elgrillitosuena.com\/inicio\/wp-json\/wp\/v2\/posts\/11319\/revisions\/11321"}],"wp:featuredmedia":[{"embeddable":true,"href":"https:\/\/www.elgrillitosuena.com\/inicio\/wp-json\/wp\/v2\/media\/11320"}],"wp:attachment":[{"href":"https:\/\/www.elgrillitosuena.com\/inicio\/wp-json\/wp\/v2\/media?parent=11319"}],"wp:term":[{"taxonomy":"category","embeddable":true,"href":"https:\/\/www.elgrillitosuena.com\/inicio\/wp-json\/wp\/v2\/categories?post=11319"},{"taxonomy":"post_tag","embeddable":true,"href":"https:\/\/www.elgrillitosuena.com\/inicio\/wp-json\/wp\/v2\/tags?post=11319"}],"curies":[{"name":"wp","href":"https:\/\/api.w.org\/{rel}","templated":true}]}}