{"id":11313,"date":"2021-11-01T16:40:54","date_gmt":"2021-11-01T16:40:54","guid":{"rendered":"https:\/\/www.elgrillitosuena.com\/inicio\/?p=11313"},"modified":"2021-11-01T16:40:54","modified_gmt":"2021-11-01T16:40:54","slug":"la-pergola-municipal-se-viste-de-color-musica-y-tradicion","status":"publish","type":"post","link":"https:\/\/www.elgrillitosuena.com\/inicio\/noticias\/uruapan\/la-pergola-municipal-se-viste-de-color-musica-y-tradicion\/","title":{"rendered":"La P\u00e9rgola Municipal se viste de color, m\u00fasica y tradici\u00f3n"},"content":{"rendered":"<p><img decoding=\"async\" loading=\"lazy\" class=\"alignnone  wp-image-11314\" src=\"https:\/\/www.elgrillitosuena.com\/inicio\/wp-content\/uploads\/2021\/11\/WhatsApp-Image-2021-11-01-at-9.14.34-AM-2-300x169.jpeg\" alt=\"\" width=\"692\" height=\"390\" srcset=\"https:\/\/www.elgrillitosuena.com\/inicio\/wp-content\/uploads\/2021\/11\/WhatsApp-Image-2021-11-01-at-9.14.34-AM-2-300x169.jpeg 300w, https:\/\/www.elgrillitosuena.com\/inicio\/wp-content\/uploads\/2021\/11\/WhatsApp-Image-2021-11-01-at-9.14.34-AM-2-768x432.jpeg 768w, https:\/\/www.elgrillitosuena.com\/inicio\/wp-content\/uploads\/2021\/11\/WhatsApp-Image-2021-11-01-at-9.14.34-AM-2.jpeg 1024w\" sizes=\"(max-width: 692px) 100vw, 692px\" \/><\/p>\n<p>Una verdadera fiesta de color, m\u00fasica, danza y tradici\u00f3n, se pudo vivir en los tres eventos que se llevaron a cabo en la p\u00e9rgola municipal, en el marco de la celebraci\u00f3n del 14o Festival de Velas 2021, como parte de una serie de actividades culturales y art\u00edsticas, que el gobierno municipal prepar\u00f3 como parte del programa para este a\u00f1o.<\/p>\n<p><img decoding=\"async\" loading=\"lazy\" class=\"alignnone  wp-image-11315\" src=\"https:\/\/www.elgrillitosuena.com\/inicio\/wp-content\/uploads\/2021\/11\/WhatsApp-Image-2021-11-01-at-9.14.34-AM-300x200.jpeg\" alt=\"\" width=\"698\" height=\"465\" srcset=\"https:\/\/www.elgrillitosuena.com\/inicio\/wp-content\/uploads\/2021\/11\/WhatsApp-Image-2021-11-01-at-9.14.34-AM-300x200.jpeg 300w, https:\/\/www.elgrillitosuena.com\/inicio\/wp-content\/uploads\/2021\/11\/WhatsApp-Image-2021-11-01-at-9.14.34-AM-768x512.jpeg 768w, https:\/\/www.elgrillitosuena.com\/inicio\/wp-content\/uploads\/2021\/11\/WhatsApp-Image-2021-11-01-at-9.14.34-AM.jpeg 1024w\" sizes=\"(max-width: 698px) 100vw, 698px\" \/><\/p>\n<p>Desde las cinco de la tarde, cientos de uruapenses se dieron cita para apreciar estos eventos. El primero de ellos fue la Pasarela de Catrinas, en la cual participaron quince modelos caracterizadas de las ya tradicionales Catrinas, vestidas y maquilladas profesionalmente, con lo que se busca que la gente viva las tradiciones con un evento diferente.<\/p>\n<p><img decoding=\"async\" loading=\"lazy\" class=\"alignnone  wp-image-11316\" src=\"https:\/\/www.elgrillitosuena.com\/inicio\/wp-content\/uploads\/2021\/11\/WhatsApp-Image-2021-11-01-at-9.14.34-AM-1-300x200.jpeg\" alt=\"\" width=\"701\" height=\"467\" srcset=\"https:\/\/www.elgrillitosuena.com\/inicio\/wp-content\/uploads\/2021\/11\/WhatsApp-Image-2021-11-01-at-9.14.34-AM-1-300x200.jpeg 300w, https:\/\/www.elgrillitosuena.com\/inicio\/wp-content\/uploads\/2021\/11\/WhatsApp-Image-2021-11-01-at-9.14.34-AM-1-1024x682.jpeg 1024w, https:\/\/www.elgrillitosuena.com\/inicio\/wp-content\/uploads\/2021\/11\/WhatsApp-Image-2021-11-01-at-9.14.34-AM-1-768x512.jpeg 768w, https:\/\/www.elgrillitosuena.com\/inicio\/wp-content\/uploads\/2021\/11\/WhatsApp-Image-2021-11-01-at-9.14.34-AM-1.jpeg 1280w\" sizes=\"(max-width: 701px) 100vw, 701px\" \/><\/p>\n<p>Posterior a esto, se realiz\u00f3 la presentaci\u00f3n de los alumnos del Instituto Tecnol\u00f3gico Superior de Uruapan (ITSU), con su espect\u00e1culo de danza, m\u00fasica y teatro \u201cFestejando a las \u00c1nimas, entre Leyendas y Catrinas\u201d; en donde se pudo apreciar la escenificaci\u00f3n que los alumnos con sus caracterizaciones de \u00e1nimas y de catrinas, que hicieron vibrar al p\u00fablico asistente con m\u00fasica en vivo, interpretada por un grupo de estudiantes de esta instituci\u00f3n.<\/p>\n<p><img decoding=\"async\" loading=\"lazy\" class=\"alignnone  wp-image-11317\" src=\"https:\/\/www.elgrillitosuena.com\/inicio\/wp-content\/uploads\/2021\/11\/WhatsApp-Image-2021-11-01-at-9.14.35-AM-300x200.jpeg\" alt=\"\" width=\"702\" height=\"468\" srcset=\"https:\/\/www.elgrillitosuena.com\/inicio\/wp-content\/uploads\/2021\/11\/WhatsApp-Image-2021-11-01-at-9.14.35-AM-300x200.jpeg 300w, https:\/\/www.elgrillitosuena.com\/inicio\/wp-content\/uploads\/2021\/11\/WhatsApp-Image-2021-11-01-at-9.14.35-AM-768x512.jpeg 768w, https:\/\/www.elgrillitosuena.com\/inicio\/wp-content\/uploads\/2021\/11\/WhatsApp-Image-2021-11-01-at-9.14.35-AM.jpeg 1024w\" sizes=\"(max-width: 702px) 100vw, 702px\" \/><br \/>\nFinalmente, como cierre del evento en la p\u00e9rgola municipal, se present\u00f3 un grupo de Morelia, con m\u00fasica y teatro: \u201cDel Amor a la Muerte\u201d, que de igual manera emocion\u00f3 a la concurrencia con su talento y dedicaci\u00f3n. De este modo, el gobierno municipal, que encabeza Ignacio Campos, genera el Bien a trav\u00e9s de la sana convivencia familiar en espacios p\u00fablicos, fomentando adem\u00e1s la cultura y el arte<\/p>\n","protected":false},"excerpt":{"rendered":"<p>Una verdadera fiesta de color, m\u00fasica, danza y tradici\u00f3n, se pudo vivir en los tres eventos que se llevaron a cabo en la p\u00e9rgola municipal, en el marco de la celebraci\u00f3n del 14o Festival de Velas 2021, como parte de una serie de actividades culturales y art\u00edsticas, que el gobierno municipal prepar\u00f3 como parte del &hellip;<\/p>\n","protected":false},"author":6,"featured_media":11314,"comment_status":"open","ping_status":"closed","sticky":false,"template":"","format":"standard","meta":[],"categories":[43,37],"tags":[3195,3201,3202],"_links":{"self":[{"href":"https:\/\/www.elgrillitosuena.com\/inicio\/wp-json\/wp\/v2\/posts\/11313"}],"collection":[{"href":"https:\/\/www.elgrillitosuena.com\/inicio\/wp-json\/wp\/v2\/posts"}],"about":[{"href":"https:\/\/www.elgrillitosuena.com\/inicio\/wp-json\/wp\/v2\/types\/post"}],"author":[{"embeddable":true,"href":"https:\/\/www.elgrillitosuena.com\/inicio\/wp-json\/wp\/v2\/users\/6"}],"replies":[{"embeddable":true,"href":"https:\/\/www.elgrillitosuena.com\/inicio\/wp-json\/wp\/v2\/comments?post=11313"}],"version-history":[{"count":1,"href":"https:\/\/www.elgrillitosuena.com\/inicio\/wp-json\/wp\/v2\/posts\/11313\/revisions"}],"predecessor-version":[{"id":11318,"href":"https:\/\/www.elgrillitosuena.com\/inicio\/wp-json\/wp\/v2\/posts\/11313\/revisions\/11318"}],"wp:featuredmedia":[{"embeddable":true,"href":"https:\/\/www.elgrillitosuena.com\/inicio\/wp-json\/wp\/v2\/media\/11314"}],"wp:attachment":[{"href":"https:\/\/www.elgrillitosuena.com\/inicio\/wp-json\/wp\/v2\/media?parent=11313"}],"wp:term":[{"taxonomy":"category","embeddable":true,"href":"https:\/\/www.elgrillitosuena.com\/inicio\/wp-json\/wp\/v2\/categories?post=11313"},{"taxonomy":"post_tag","embeddable":true,"href":"https:\/\/www.elgrillitosuena.com\/inicio\/wp-json\/wp\/v2\/tags?post=11313"}],"curies":[{"name":"wp","href":"https:\/\/api.w.org\/{rel}","templated":true}]}}