{"id":11189,"date":"2021-10-28T16:50:20","date_gmt":"2021-10-28T16:50:20","guid":{"rendered":"https:\/\/www.elgrillitosuena.com\/inicio\/?p=11189"},"modified":"2021-10-28T16:50:20","modified_gmt":"2021-10-28T16:50:20","slug":"mayor-atencion-a-panteones-municipales-instruye-nacho-campos","status":"publish","type":"post","link":"https:\/\/www.elgrillitosuena.com\/inicio\/noticias\/uruapan\/mayor-atencion-a-panteones-municipales-instruye-nacho-campos\/","title":{"rendered":"Mayor atenci\u00f3n a panteones municipales, instruye Nacho Campos"},"content":{"rendered":"<p><img decoding=\"async\" loading=\"lazy\" class=\"alignnone  wp-image-11190\" src=\"https:\/\/www.elgrillitosuena.com\/inicio\/wp-content\/uploads\/2021\/10\/WhatsApp-Image-2021-10-28-at-11.15.18-AM-4-300x200.jpeg\" alt=\"\" width=\"656\" height=\"437\" srcset=\"https:\/\/www.elgrillitosuena.com\/inicio\/wp-content\/uploads\/2021\/10\/WhatsApp-Image-2021-10-28-at-11.15.18-AM-4-300x200.jpeg 300w, https:\/\/www.elgrillitosuena.com\/inicio\/wp-content\/uploads\/2021\/10\/WhatsApp-Image-2021-10-28-at-11.15.18-AM-4-768x512.jpeg 768w, https:\/\/www.elgrillitosuena.com\/inicio\/wp-content\/uploads\/2021\/10\/WhatsApp-Image-2021-10-28-at-11.15.18-AM-4.jpeg 1024w\" sizes=\"(max-width: 656px) 100vw, 656px\" \/><\/p>\n<p>El presidente de Uruapan, Ignacio Campos Equihua, entreg\u00f3 herramientas para el mantenimiento del pante\u00f3n municipal Jardines de la Paz, en donde mediante recorrido, verific\u00f3 las necesidades de este lugar que est\u00e1 a un 60 por ciento de su capacidad, en 10 a\u00f1os que tiene en servicio.<\/p>\n<p>El camposanto se ubica en la zona oriente de la ciudad y tiene una dimensi\u00f3n de 9.5 hect\u00e1reas. Conforme se aproxima el D\u00eda de Muertos, aumenta el n\u00famero de personas que acuden a visitar la tumba de sus seres queridos, raz\u00f3n por la que se intensifican los trabajos para mejorar los servicios que ofrece.<\/p>\n<p><img decoding=\"async\" loading=\"lazy\" class=\"alignnone  wp-image-11191\" src=\"https:\/\/www.elgrillitosuena.com\/inicio\/wp-content\/uploads\/2021\/10\/WhatsApp-Image-2021-10-28-at-11.15.19-AM-300x200.jpeg\" alt=\"\" width=\"692\" height=\"461\" srcset=\"https:\/\/www.elgrillitosuena.com\/inicio\/wp-content\/uploads\/2021\/10\/WhatsApp-Image-2021-10-28-at-11.15.19-AM-300x200.jpeg 300w, https:\/\/www.elgrillitosuena.com\/inicio\/wp-content\/uploads\/2021\/10\/WhatsApp-Image-2021-10-28-at-11.15.19-AM-768x512.jpeg 768w, https:\/\/www.elgrillitosuena.com\/inicio\/wp-content\/uploads\/2021\/10\/WhatsApp-Image-2021-10-28-at-11.15.19-AM.jpeg 1024w\" sizes=\"(max-width: 692px) 100vw, 692px\" \/><\/p>\n<p>Sobre el particular, Nacho Campos hizo un llamado a la poblaci\u00f3n a evitar acudir a los panteones en grupos numerosos, y les record\u00f3 seguir las medidas sanitarias que se aplican en los dos cementerios municipales, el de San Juan Evangelista y el Jardines de la Paz.<\/p>\n<p><img decoding=\"async\" loading=\"lazy\" class=\"alignnone  wp-image-11192\" src=\"https:\/\/www.elgrillitosuena.com\/inicio\/wp-content\/uploads\/2021\/10\/WhatsApp-Image-2021-10-28-at-11.15.19-AM-1-300x200.jpeg\" alt=\"\" width=\"692\" height=\"461\" srcset=\"https:\/\/www.elgrillitosuena.com\/inicio\/wp-content\/uploads\/2021\/10\/WhatsApp-Image-2021-10-28-at-11.15.19-AM-1-300x200.jpeg 300w, https:\/\/www.elgrillitosuena.com\/inicio\/wp-content\/uploads\/2021\/10\/WhatsApp-Image-2021-10-28-at-11.15.19-AM-1-768x512.jpeg 768w, https:\/\/www.elgrillitosuena.com\/inicio\/wp-content\/uploads\/2021\/10\/WhatsApp-Image-2021-10-28-at-11.15.19-AM-1.jpeg 1024w\" sizes=\"(max-width: 692px) 100vw, 692px\" \/><\/p>\n<p>En este marco, el presidente motiv\u00f3 a la plantilla de trabajadores a reforzar las tareas de mantenimiento con la herramienta que les entreg\u00f3, al tiempo que escuch\u00f3 otras necesidades que registran en materia laboral.<\/p>\n","protected":false},"excerpt":{"rendered":"<p>El presidente de Uruapan, Ignacio Campos Equihua, entreg\u00f3 herramientas para el mantenimiento del pante\u00f3n municipal Jardines de la Paz, en donde mediante recorrido, verific\u00f3 las necesidades de este lugar que est\u00e1 a un 60 por ciento de su capacidad, en 10 a\u00f1os que tiene en servicio. El camposanto se ubica en la zona oriente de &hellip;<\/p>\n","protected":false},"author":6,"featured_media":11190,"comment_status":"open","ping_status":"closed","sticky":false,"template":"","format":"standard","meta":[],"categories":[3116,37],"tags":[3005,381,1588],"_links":{"self":[{"href":"https:\/\/www.elgrillitosuena.com\/inicio\/wp-json\/wp\/v2\/posts\/11189"}],"collection":[{"href":"https:\/\/www.elgrillitosuena.com\/inicio\/wp-json\/wp\/v2\/posts"}],"about":[{"href":"https:\/\/www.elgrillitosuena.com\/inicio\/wp-json\/wp\/v2\/types\/post"}],"author":[{"embeddable":true,"href":"https:\/\/www.elgrillitosuena.com\/inicio\/wp-json\/wp\/v2\/users\/6"}],"replies":[{"embeddable":true,"href":"https:\/\/www.elgrillitosuena.com\/inicio\/wp-json\/wp\/v2\/comments?post=11189"}],"version-history":[{"count":1,"href":"https:\/\/www.elgrillitosuena.com\/inicio\/wp-json\/wp\/v2\/posts\/11189\/revisions"}],"predecessor-version":[{"id":11193,"href":"https:\/\/www.elgrillitosuena.com\/inicio\/wp-json\/wp\/v2\/posts\/11189\/revisions\/11193"}],"wp:featuredmedia":[{"embeddable":true,"href":"https:\/\/www.elgrillitosuena.com\/inicio\/wp-json\/wp\/v2\/media\/11190"}],"wp:attachment":[{"href":"https:\/\/www.elgrillitosuena.com\/inicio\/wp-json\/wp\/v2\/media?parent=11189"}],"wp:term":[{"taxonomy":"category","embeddable":true,"href":"https:\/\/www.elgrillitosuena.com\/inicio\/wp-json\/wp\/v2\/categories?post=11189"},{"taxonomy":"post_tag","embeddable":true,"href":"https:\/\/www.elgrillitosuena.com\/inicio\/wp-json\/wp\/v2\/tags?post=11189"}],"curies":[{"name":"wp","href":"https:\/\/api.w.org\/{rel}","templated":true}]}}