{"id":11152,"date":"2021-10-27T18:10:41","date_gmt":"2021-10-27T18:10:41","guid":{"rendered":"https:\/\/www.elgrillitosuena.com\/inicio\/?p=11152"},"modified":"2021-10-27T18:10:41","modified_gmt":"2021-10-27T18:10:41","slug":"pese-a-pandemia-e-inclemencias-del-clima-flor-de-cempasuchil-florece-en-michoacan-para-dia-de-muertos","status":"publish","type":"post","link":"https:\/\/www.elgrillitosuena.com\/inicio\/noticias\/michoacan\/pese-a-pandemia-e-inclemencias-del-clima-flor-de-cempasuchil-florece-en-michoacan-para-dia-de-muertos\/","title":{"rendered":"Pese a pandemia e inclemencias del clima, flor de cempas\u00fachil florece en Michoac\u00e1n para D\u00eda de Muertos"},"content":{"rendered":"<p><img decoding=\"async\" src=\"https:\/\/heraldodemexico.com.mx\/u\/fotografias\/m\/2021\/10\/27\/f960x540-437298_511373_0.jpg\" alt=\"FOTO: ESPECIAL\" \/><\/p>\n<p>De cara al cierre del a\u00f1o, el estado de Michoac\u00e1n se viste de sus colores emblem\u00e1ticos, sus calles se llenan de flores y el olor a cempas\u00fachil\u00a0penetra en el ambiente, y es que a escasos d\u00edas de la Noche de \u00c1nimas, los campesinos ya cortan, recogen y comienzan a vender sus cosechas, aquellas que florecieron a pesar de la tempestad.<\/p>\n<p>En el rancho de &#8220;El Colegio&#8221; a la salida del municipio de Tar\u00edmbaro, al sur de la ciudad de Morelia, se extienden por lo menos 50 parcelas de productores de la &#8220;flor de los muertos&#8221; que desde el pasado mes de agosto comenzaron con la siembra cempas\u00fachil, nube y flor de terciopelo, sin embargo, la cosecha no fue tan buena como en a\u00f1os anteriores.<\/p>\n<p>La larga duraci\u00f3n de la temporada de lluvias y la llegada de huracanes como \u201cRick\u201d, trajo consigo a un perjuicio para los productores, pues aseguraron que con el agua de m\u00e1s las flores abiertas se comienzan a pudrir y aquellas no han floreado simplemente se ahogan.<\/p>\n<p>La situaci\u00f3n irregular hizo que algunos cultivos sufrieron afectaciones o incluso se malograron, lo que llev\u00f3 a algunos campesinos a decidir sembrar ma\u00edz y otro tipo de alimentos acompa\u00f1ados de flores en menor cantidad.<\/p>\n<p>Sin embargo, los trabajadores del campo que se mantuvieron\u00a0lograron obtener flor para que los festejos se dieran\u00a0y poder surtir incluso a personas de otras entidades, adem\u00e1s de alcanzar mejores precios en la huerta.<\/p>\n<p><img decoding=\"async\" src=\"https:\/\/heraldodemexico.com.mx\/u\/fotografias\/m\/2021\/10\/27\/f768x1-437299_437426_15.jpeg\" \/><\/p>\n<p>Leobardo Calder\u00f3n P\u00e9rez, campesino con m\u00e1s de 15 a\u00f1os de experiencia en la venta y cultivo de las flores de temporada se\u00f1al\u00f3 que debido a las malas condiciones climatol\u00f3gicas, la cosecha que se ten\u00eda estimada para este a\u00f1o baj\u00f3 en un 50 por ciento, mientras que los precios a la venta se deben elevar un 20 por ciento por m\u00ednimo.<\/p>\n<p>&#8220;Lo qu\u00e9 pasa es que no se pudo sacar lo proyectado por las aguas y ahora ni voy a vender todo lo que cultive y tenemos que sacarle porque esta es la temporada buena del a\u00f1o&#8221;, manifest\u00f3.<\/p>\n<p>El manojo de\u00a0flor de cempas\u00fachil\u00a0combinada con terciopelo se vende de 35 a 50 pesos, no obstante, don Leobardo afirm\u00f3 que todos los productores de flores est\u00e1n dispuestos a negociar sus precios, siempre y cuando vendan todo su producto.<\/p>\n<p>\u201cLe ech\u00e9 ganas y aqu\u00ed estamos, el a\u00f1o pasado vend\u00ed a 25 pesos el ramito \u00a0y bendito sea Dios, termin\u00e9 con todo y este a\u00f1o me fue mucho mejor porque vend\u00ed a 45 y acab\u00e9 con todo\u201d, dijo Cervantes Escobedo, otro productor que \u00a0cultiv\u00f3 una hect\u00e1rea \u00a0y cuyo producto se fue a Apatzing\u00e1n y Uruapan.<\/p>\n<p>Durante el 2020, con la pandemia del Covid-19 y la prohibici\u00f3n de la apertura de los panteones por el riesgo de contagios, campesinos tuvieron p\u00e9rdidas de miles de pesos por la falta de venta de la flor de manera masiva, por lo que este a\u00f1o van por un repunte de al menos el 30 por ciento.<\/p>\n<p><img decoding=\"async\" src=\"https:\/\/heraldodemexico.com.mx\/u\/fotografias\/m\/2021\/10\/27\/f768x1-437300_437427_15.jpeg\" \/><\/p>\n<p>Con informaci\u00f3n de Heraldo de M\u00e9xico<\/p>\n","protected":false},"excerpt":{"rendered":"<p>De cara al cierre del a\u00f1o, el estado de Michoac\u00e1n se viste de sus colores emblem\u00e1ticos, sus calles se llenan de flores y el olor a cempas\u00fachil\u00a0penetra en el ambiente, y es que a escasos d\u00edas de la Noche de \u00c1nimas, los campesinos ya cortan, recogen y comienzan a vender sus cosechas, aquellas que florecieron &hellip;<\/p>\n","protected":false},"author":6,"featured_media":11153,"comment_status":"open","ping_status":"closed","sticky":false,"template":"","format":"standard","meta":[],"categories":[38],"tags":[381,3164],"_links":{"self":[{"href":"https:\/\/www.elgrillitosuena.com\/inicio\/wp-json\/wp\/v2\/posts\/11152"}],"collection":[{"href":"https:\/\/www.elgrillitosuena.com\/inicio\/wp-json\/wp\/v2\/posts"}],"about":[{"href":"https:\/\/www.elgrillitosuena.com\/inicio\/wp-json\/wp\/v2\/types\/post"}],"author":[{"embeddable":true,"href":"https:\/\/www.elgrillitosuena.com\/inicio\/wp-json\/wp\/v2\/users\/6"}],"replies":[{"embeddable":true,"href":"https:\/\/www.elgrillitosuena.com\/inicio\/wp-json\/wp\/v2\/comments?post=11152"}],"version-history":[{"count":1,"href":"https:\/\/www.elgrillitosuena.com\/inicio\/wp-json\/wp\/v2\/posts\/11152\/revisions"}],"predecessor-version":[{"id":11154,"href":"https:\/\/www.elgrillitosuena.com\/inicio\/wp-json\/wp\/v2\/posts\/11152\/revisions\/11154"}],"wp:featuredmedia":[{"embeddable":true,"href":"https:\/\/www.elgrillitosuena.com\/inicio\/wp-json\/wp\/v2\/media\/11153"}],"wp:attachment":[{"href":"https:\/\/www.elgrillitosuena.com\/inicio\/wp-json\/wp\/v2\/media?parent=11152"}],"wp:term":[{"taxonomy":"category","embeddable":true,"href":"https:\/\/www.elgrillitosuena.com\/inicio\/wp-json\/wp\/v2\/categories?post=11152"},{"taxonomy":"post_tag","embeddable":true,"href":"https:\/\/www.elgrillitosuena.com\/inicio\/wp-json\/wp\/v2\/tags?post=11152"}],"curies":[{"name":"wp","href":"https:\/\/api.w.org\/{rel}","templated":true}]}}