{"id":11143,"date":"2021-10-27T16:44:40","date_gmt":"2021-10-27T16:44:40","guid":{"rendered":"https:\/\/www.elgrillitosuena.com\/inicio\/?p=11143"},"modified":"2021-10-27T16:44:40","modified_gmt":"2021-10-27T16:44:40","slug":"senado-de-brasil-acusa-a-bolsonaro-de-crimenes-contra-la-humanidad","status":"publish","type":"post","link":"https:\/\/www.elgrillitosuena.com\/inicio\/noticias\/mundo\/senado-de-brasil-acusa-a-bolsonaro-de-crimenes-contra-la-humanidad\/","title":{"rendered":"Senado de Brasil acusa a Bolsonaro de \u201ccr\u00edmenes contra la humanidad\u201d"},"content":{"rendered":"<p><img decoding=\"async\" src=\"https:\/\/www.radioformula.com.mx\/wp-content\/uploads\/2021\/10\/Senado_Brasil_acusa_Bolsonaro_crimenes_contra_la_humanidad-radioformula-780x470.jpeg\" alt=\"Senado de Brasil acusa a Bolsonaro de \u201ccr\u00edmenes contra la humanidad\u201d\" \/><\/p>\n<p>Una comisi\u00f3n del Senado de Brasil, la cual se encarg\u00f3 de investigar la gesti\u00f3n del gobierno estatal frente a la\u00a0<strong>pandemia<\/strong>\u00a0por la\u00a0<strong>COVID-19<\/strong>, aprob\u00f3 un informe que recomienda acusar al presidente\u00a0<strong>Jair Bolsonaro<\/strong>\u00a0de graves delitos, como \u201ccr\u00edmenes contra la humanidad\u201d.<\/p>\n<p>Producto de seis meses de investigaci\u00f3n, el informe fue aprobado por siete de los 11 senadores, as\u00ed que ahora ser\u00e1 remitido a la Justicia ordinaria, la Fiscal\u00eda, la Corte Suprema y la Corte Penal Internacional de La Haya, las cuales deber\u00e1n evaluar si aceptan las denuncias.<\/p>\n<p>La comisi\u00f3n pide que se inculpe a Bolsonaro, l\u00edder de una negacionista ultraderecha que minimiz\u00f3 la gravedad de la COVID-19, de nueve delitos, todos tipificados en el\u00a0C\u00f3digo Penal\u00a0brasile\u00f1o, incluyendo cr\u00edmenes contra la humanidad, infracci\u00f3n de medidas sanitarias y charlataner\u00eda m\u00e9dica.<\/p>\n<p>Adem\u00e1s, solicit\u00f3 a la Corte Suprema y a la Fiscal\u00eda General suspender el acceso del mandatario a sus cuentas de YouTube, Twitter, Facebook e Instagram hasta nueva orden. La semana pasada, \u00e9l difundi\u00f3 informaci\u00f3n falsa que asocia la vacuna contra el virus SARS-CoV-2 con el sida.<\/p>\n<h2>Otros implicados en el caso<\/h2>\n<p>Asimismo, el documento de la comisi\u00f3n de la C\u00e1mara alta, presentado por el senador Renan Calheiros, recomend\u00f3 inculpar a 77 personas m\u00e1s, incluyendo varios ministros y exministros, como el exministro de Salud y general\u00a0Eduardo Pazuello\u00a0y el excanciller\u00a0Ernesto Ara\u00fajo.<\/p>\n<p>Tres de los hijos del presidente Jair Bolsonaro tambi\u00e9n forman parte de la lista de acusados por la err\u00e1tica gesti\u00f3n del Gobierno ante una pandemia que ya ha matado a m\u00e1s de 606 mil brasile\u00f1os: el senador Flavio, el diputado Eduardo y el concejal de\u00a0R\u00edo de Janeiro Carlos.<\/p>\n<p>Otros delitos de los que todos est\u00e1n siendo acusados son: incitaci\u00f3n al delito, epidemia con resultado de muerte, falsificaci\u00f3n de documentos, uso irregular de dinero p\u00fablico, prevaricaci\u00f3n y atentados contra la dignidad del cargo.<\/p>\n<p>Con informaci\u00f3n de Radio F\u00f3rmula<\/p>\n","protected":false},"excerpt":{"rendered":"<p>Una comisi\u00f3n del Senado de Brasil, la cual se encarg\u00f3 de investigar la gesti\u00f3n del gobierno estatal frente a la\u00a0pandemia\u00a0por la\u00a0COVID-19, aprob\u00f3 un informe que recomienda acusar al presidente\u00a0Jair Bolsonaro\u00a0de graves delitos, como \u201ccr\u00edmenes contra la humanidad\u201d. Producto de seis meses de investigaci\u00f3n, el informe fue aprobado por siete de los 11 senadores, as\u00ed que &hellip;<\/p>\n","protected":false},"author":6,"featured_media":11144,"comment_status":"open","ping_status":"closed","sticky":false,"template":"","format":"standard","meta":[],"categories":[40],"tags":[3161,3162],"_links":{"self":[{"href":"https:\/\/www.elgrillitosuena.com\/inicio\/wp-json\/wp\/v2\/posts\/11143"}],"collection":[{"href":"https:\/\/www.elgrillitosuena.com\/inicio\/wp-json\/wp\/v2\/posts"}],"about":[{"href":"https:\/\/www.elgrillitosuena.com\/inicio\/wp-json\/wp\/v2\/types\/post"}],"author":[{"embeddable":true,"href":"https:\/\/www.elgrillitosuena.com\/inicio\/wp-json\/wp\/v2\/users\/6"}],"replies":[{"embeddable":true,"href":"https:\/\/www.elgrillitosuena.com\/inicio\/wp-json\/wp\/v2\/comments?post=11143"}],"version-history":[{"count":1,"href":"https:\/\/www.elgrillitosuena.com\/inicio\/wp-json\/wp\/v2\/posts\/11143\/revisions"}],"predecessor-version":[{"id":11145,"href":"https:\/\/www.elgrillitosuena.com\/inicio\/wp-json\/wp\/v2\/posts\/11143\/revisions\/11145"}],"wp:featuredmedia":[{"embeddable":true,"href":"https:\/\/www.elgrillitosuena.com\/inicio\/wp-json\/wp\/v2\/media\/11144"}],"wp:attachment":[{"href":"https:\/\/www.elgrillitosuena.com\/inicio\/wp-json\/wp\/v2\/media?parent=11143"}],"wp:term":[{"taxonomy":"category","embeddable":true,"href":"https:\/\/www.elgrillitosuena.com\/inicio\/wp-json\/wp\/v2\/categories?post=11143"},{"taxonomy":"post_tag","embeddable":true,"href":"https:\/\/www.elgrillitosuena.com\/inicio\/wp-json\/wp\/v2\/tags?post=11143"}],"curies":[{"name":"wp","href":"https:\/\/api.w.org\/{rel}","templated":true}]}}