{"id":11049,"date":"2021-10-25T18:58:04","date_gmt":"2021-10-25T18:58:04","guid":{"rendered":"https:\/\/www.elgrillitosuena.com\/inicio\/?p=11049"},"modified":"2021-10-25T18:58:04","modified_gmt":"2021-10-25T18:58:04","slug":"vacuna-moderna-genera-inmunidad-en-ninos-segun-estudio-de-la-farmaceutica","status":"publish","type":"post","link":"https:\/\/www.elgrillitosuena.com\/inicio\/noticias\/mundo\/vacuna-moderna-genera-inmunidad-en-ninos-segun-estudio-de-la-farmaceutica\/","title":{"rendered":"Vacuna Moderna genera inmunidad en ni\u00f1os, seg\u00fan estudio de la farmac\u00e9utica"},"content":{"rendered":"<p><img decoding=\"async\" src=\"https:\/\/www.eleconomista.com.mx\/__export\/1631904564958\/sites\/eleconomista\/img\/2021\/02\/25\/vacuna_moderna_covid_reuters.jpg_1269359182.jpg\" alt=\"Suecia suspende la vacuna de Moderna para menores de 30 a\u00f1os por riesgos de  inflamaci\u00f3n card\u00edaca | El Economista\" \/><\/p>\n<p>La vacuna\u00a0<strong>Moderna<\/strong>\u00a0contra el\u00a0<strong>Covid-19<\/strong>\u00a0produce una fuerte respuesta\u00a0<strong>inmunol\u00f3gica<\/strong>\u00a0en ni\u00f1os de 6 a 11 a\u00f1os, difundi\u00f3 la compa\u00f1\u00eda fabricante.<\/p>\n<p>Lo datos completos no han sido difundidos, pero la\u00a0<strong>farmac\u00e9utica<\/strong>\u00a0dijo tiene previsto presentar &#8220;a corto plazo&#8221; los datos a los organismos reguladores de todo el mundo para su aprobaci\u00f3n.<\/p>\n<p>Seg\u00fan cita AFP y El Norte, un mes despu\u00e9s de que se complet\u00f3 la\u00a0<strong>inmunizaci\u00f3n<\/strong>, los ni\u00f1os en el ensayo de\u00a0<strong>Moderna<\/strong>\u00a0ten\u00edan niveles de\u00a0<strong>anticuerpos<\/strong>\u00a0que eran 1.5 veces m\u00e1s altos que los observados en adultos\u00a0<strong>j\u00f3venes<\/strong>.<\/p>\n<p>Y que estos resultados se presentan un d\u00eda antes de que la Administraci\u00f3n de Alimentos y Medicamentos (<strong>FDA<\/strong>) citara una reuni\u00f3n para revisar los datos de la vacuna\u00a0<strong>Pfizer<\/strong>&#8211;<strong>BioNTech<\/strong>\u00a0en ni\u00f1os de 5 a 11 a\u00f1os.<\/p>\n<h2>Vacuna Moderna en ni\u00f1os y j\u00f3venes<\/h2>\n<p>La\u00a0<strong>farmac\u00e9utica<\/strong>\u00a0de\u00a0<strong>Moderna<\/strong>\u00a0prob\u00f3 dos\u00a0<strong>inyecciones<\/strong>\u00a0de la\u00a0<strong>vacuna<\/strong>\u00a0administradas con 28 d\u00edas de diferencia en 4 mil 753 ni\u00f1os. Recibieron 50 microgramos de\u00a0<strong>vacuna<\/strong>, la mitad de la dosis para\u00a0<strong>adultos<\/strong>, en cada\u00a0<strong>inyecci\u00f3n<\/strong>.<\/p>\n<p>Y que present\u00f3 los resultados del estudio para el uso de la\u00a0<strong>vacuna<\/strong>\u00a0en adolescentes de 12 a 17 a\u00f1os en junio, pero la\u00a0<strong>FDA<\/strong>\u00a0a\u00fan no ha anunciado una decisi\u00f3n.<\/p>\n<p>Seg\u00fan El Norte, algunas investigaciones indican que la vacuna\u00a0<strong>Moderna<\/strong>\u00a0puede aumentar el riesgo de un efecto secundario poco com\u00fan llamado miocarditis.<\/p>\n<h2>Moderna y efectos secundarios en ni\u00f1os de 6 a 11 a\u00f1os<\/h2>\n<p>Pero que en\u00a0<strong>ni\u00f1os de 6 a 11 a\u00f1os<\/strong>, la mayor\u00eda de los efectos secundarios fueron leves o moderados; los m\u00e1s comunes fueron fatiga, dolor de cabeza, fiebre y dolor en el lugar de la\u00a0<strong>inyecci\u00f3n<\/strong>, dijo\u00a0<strong>Moderna<\/strong>\u00a0en su comunicado el lunes.<\/p>\n<p><strong>Moderna<\/strong>\u00a0todav\u00eda recluta\u00a0<strong>ni\u00f1os de 2 a 5 a\u00f1os y de 6 meses a menos de 2 a\u00f1os\u00a0<\/strong>para los ensayos de la\u00a0<strong>vacuna<\/strong>\u00a0en esos grupos de edad. La compa\u00f1\u00eda ha inscrito a unos 5 mil 700 ni\u00f1os en los\u00a0<strong>Estados Unidos<\/strong>\u00a0y\u00a0<strong>Canad\u00e1<\/strong>\u00a0en el ensayo, cita el medio.<\/p>\n<p>Con informaci\u00f3n de El imparcial<\/p>\n","protected":false},"excerpt":{"rendered":"<p>La vacuna\u00a0Moderna\u00a0contra el\u00a0Covid-19\u00a0produce una fuerte respuesta\u00a0inmunol\u00f3gica\u00a0en ni\u00f1os de 6 a 11 a\u00f1os, difundi\u00f3 la compa\u00f1\u00eda fabricante. Lo datos completos no han sido difundidos, pero la\u00a0farmac\u00e9utica\u00a0dijo tiene previsto presentar &#8220;a corto plazo&#8221; los datos a los organismos reguladores de todo el mundo para su aprobaci\u00f3n. Seg\u00fan cita AFP y El Norte, un mes despu\u00e9s de que &hellip;<\/p>\n","protected":false},"author":6,"featured_media":11050,"comment_status":"open","ping_status":"closed","sticky":false,"template":"","format":"standard","meta":[],"categories":[40],"tags":[165,3131,3130],"_links":{"self":[{"href":"https:\/\/www.elgrillitosuena.com\/inicio\/wp-json\/wp\/v2\/posts\/11049"}],"collection":[{"href":"https:\/\/www.elgrillitosuena.com\/inicio\/wp-json\/wp\/v2\/posts"}],"about":[{"href":"https:\/\/www.elgrillitosuena.com\/inicio\/wp-json\/wp\/v2\/types\/post"}],"author":[{"embeddable":true,"href":"https:\/\/www.elgrillitosuena.com\/inicio\/wp-json\/wp\/v2\/users\/6"}],"replies":[{"embeddable":true,"href":"https:\/\/www.elgrillitosuena.com\/inicio\/wp-json\/wp\/v2\/comments?post=11049"}],"version-history":[{"count":1,"href":"https:\/\/www.elgrillitosuena.com\/inicio\/wp-json\/wp\/v2\/posts\/11049\/revisions"}],"predecessor-version":[{"id":11051,"href":"https:\/\/www.elgrillitosuena.com\/inicio\/wp-json\/wp\/v2\/posts\/11049\/revisions\/11051"}],"wp:featuredmedia":[{"embeddable":true,"href":"https:\/\/www.elgrillitosuena.com\/inicio\/wp-json\/wp\/v2\/media\/11050"}],"wp:attachment":[{"href":"https:\/\/www.elgrillitosuena.com\/inicio\/wp-json\/wp\/v2\/media?parent=11049"}],"wp:term":[{"taxonomy":"category","embeddable":true,"href":"https:\/\/www.elgrillitosuena.com\/inicio\/wp-json\/wp\/v2\/categories?post=11049"},{"taxonomy":"post_tag","embeddable":true,"href":"https:\/\/www.elgrillitosuena.com\/inicio\/wp-json\/wp\/v2\/tags?post=11049"}],"curies":[{"name":"wp","href":"https:\/\/api.w.org\/{rel}","templated":true}]}}