{"id":11046,"date":"2021-10-25T18:45:05","date_gmt":"2021-10-25T18:45:05","guid":{"rendered":"https:\/\/www.elgrillitosuena.com\/inicio\/?p=11046"},"modified":"2021-10-25T18:45:05","modified_gmt":"2021-10-25T18:45:05","slug":"segob-inicia-seleccion-de-comisionados-contra-guerra-sucia","status":"publish","type":"post","link":"https:\/\/www.elgrillitosuena.com\/inicio\/noticias\/mexico\/segob-inicia-seleccion-de-comisionados-contra-guerra-sucia\/","title":{"rendered":"Segob inicia selecci\u00f3n de comisionados contra guerra sucia"},"content":{"rendered":"<p><img decoding=\"async\" src=\"https:\/\/cdn2.excelsior.com.mx\/media\/styles\/image800x600\/public\/pictures\/2021\/10\/25\/2662398.jpg\" \/><\/p>\n<p>La\u00a0Secretar\u00eda de Gobernaci\u00f3n\u00a0inici\u00f3 este lunes el proceso de entrevistas para seleccionar a los cinco integrantes de la\u00a0Comisi\u00f3n por el Acceso a la Verdad y el Esclarecimiento Hist\u00f3rico y Justicia a las Violaciones\u00a0graves a los Derechos Humanos cometidos entre los a\u00f1os 1965-1990.<\/p>\n<p>El subsecretario de Derechos Humanos, Alejandro Encinas, inform\u00f3 que debido a que las 25 personas que se postularon cumplen con los requisitos de la convocatoria no se realizar\u00e1 una preselecci\u00f3n de 10 aspirantes sino una entrevista a todas ellas.<\/p>\n<p>Hoy se realizaron las primeras cinco entrevistas virtuales que incluyeron preguntas a los interesados por parte de ciudadanos en redes sociales.<\/p>\n<blockquote><p>Quiero se\u00f1alar que como lo hemos hecho en procesos anteriores no vamos a dar cursos a las preguntas que busquen cuestionar, denigrar u ofender a la persona postulante o que vengan a echar porras.<\/p><\/blockquote>\n<blockquote><p>La idea es conocer bien el perfil con un trato respetuoso a gente que est\u00e1 participando de buena fe, ese es el principio que rige el proceso, y queremos que sea transparente y claro el proceso de selecci\u00f3n\u201d, destac\u00f3 el funcionario.<\/p><\/blockquote>\n<p>Este d\u00eda participaron Adela Cedillo, profesora de la Universidad de Houston con Posgrado en Historia Moderna de America Latina y coadyuv\u00f3 en la anterior Fiscal\u00eda Especial para Movimientos Sociales del Pasado entre 2002 y 2006.<\/p>\n<p>Adem\u00e1s, Ariana Garcia Aguirre, profesora de la Universidad Pedag\u00f3gica de Chihuahua, especialista en movimientos sociales.<\/p>\n<p>Eduardo Gonz\u00e1lez Cuevas, profesor-investigador en el Centro Mary Hook para la reconciliaci\u00f3n en la Universidad de George Maisson en Estados Unidos. Es especialista en justicia transicional.<\/p>\n<p>Y Francisco \u00c1vila Coronel. Doctor en Historia por la UNAM y ha tenido publicaciones sobre guerrillas en M\u00e9xico.<\/p>\n<p>El comit\u00e9 de selecci\u00f3n de los expertos para esta Comisi\u00f3n est\u00e1 encabezado por el subsecretario Alejandro Encinas, como representante de la Secretar\u00eda de Gobernaci\u00f3n; Alicia de los R\u00edos Merino como representante de los colectivos de familiares de personas detenidas-desaparecidas y de sobrevivientes de la contrainsurgencia del pasado reciente.<\/p>\n<p>Adem\u00e1s, Jes\u00fas Pe\u00f1a Palacios como asesor t\u00e9cnico en representaci\u00f3n de la oficina de la Alta Comisionada de las Naciones Unidas para los Derechos Humanos.<\/p>\n<p>Con informaci\u00f3n de Exc\u00e9lsior<\/p>\n","protected":false},"excerpt":{"rendered":"<p>La\u00a0Secretar\u00eda de Gobernaci\u00f3n\u00a0inici\u00f3 este lunes el proceso de entrevistas para seleccionar a los cinco integrantes de la\u00a0Comisi\u00f3n por el Acceso a la Verdad y el Esclarecimiento Hist\u00f3rico y Justicia a las Violaciones\u00a0graves a los Derechos Humanos cometidos entre los a\u00f1os 1965-1990. El subsecretario de Derechos Humanos, Alejandro Encinas, inform\u00f3 que debido a que las 25 &hellip;<\/p>\n","protected":false},"author":6,"featured_media":11047,"comment_status":"open","ping_status":"closed","sticky":false,"template":"","format":"standard","meta":[],"categories":[39],"tags":[598,2270,1013,445],"_links":{"self":[{"href":"https:\/\/www.elgrillitosuena.com\/inicio\/wp-json\/wp\/v2\/posts\/11046"}],"collection":[{"href":"https:\/\/www.elgrillitosuena.com\/inicio\/wp-json\/wp\/v2\/posts"}],"about":[{"href":"https:\/\/www.elgrillitosuena.com\/inicio\/wp-json\/wp\/v2\/types\/post"}],"author":[{"embeddable":true,"href":"https:\/\/www.elgrillitosuena.com\/inicio\/wp-json\/wp\/v2\/users\/6"}],"replies":[{"embeddable":true,"href":"https:\/\/www.elgrillitosuena.com\/inicio\/wp-json\/wp\/v2\/comments?post=11046"}],"version-history":[{"count":1,"href":"https:\/\/www.elgrillitosuena.com\/inicio\/wp-json\/wp\/v2\/posts\/11046\/revisions"}],"predecessor-version":[{"id":11048,"href":"https:\/\/www.elgrillitosuena.com\/inicio\/wp-json\/wp\/v2\/posts\/11046\/revisions\/11048"}],"wp:featuredmedia":[{"embeddable":true,"href":"https:\/\/www.elgrillitosuena.com\/inicio\/wp-json\/wp\/v2\/media\/11047"}],"wp:attachment":[{"href":"https:\/\/www.elgrillitosuena.com\/inicio\/wp-json\/wp\/v2\/media?parent=11046"}],"wp:term":[{"taxonomy":"category","embeddable":true,"href":"https:\/\/www.elgrillitosuena.com\/inicio\/wp-json\/wp\/v2\/categories?post=11046"},{"taxonomy":"post_tag","embeddable":true,"href":"https:\/\/www.elgrillitosuena.com\/inicio\/wp-json\/wp\/v2\/tags?post=11046"}],"curies":[{"name":"wp","href":"https:\/\/api.w.org\/{rel}","templated":true}]}}