{"id":11024,"date":"2021-10-25T16:48:39","date_gmt":"2021-10-25T16:48:39","guid":{"rendered":"https:\/\/www.elgrillitosuena.com\/inicio\/?p=11024"},"modified":"2021-10-25T16:48:39","modified_gmt":"2021-10-25T16:48:39","slug":"amlo-suspendera-la-mananera-por-el-dia-de-muertos-y-para-tomarse-un-descanso","status":"publish","type":"post","link":"https:\/\/www.elgrillitosuena.com\/inicio\/noticias\/mexico\/amlo-suspendera-la-mananera-por-el-dia-de-muertos-y-para-tomarse-un-descanso\/","title":{"rendered":"AMLO suspender\u00e1 la ma\u00f1anera por el D\u00eda de Muertos y para tomarse un descanso"},"content":{"rendered":"<p><img decoding=\"async\" src=\"https:\/\/noticieros.televisa.com\/wp-content\/uploads\/2021\/10\/andres-manuel-lopez-obrador.jpg\" alt=\"AMLO: Conferencia ma\u00f1anera de hoy 25 de octubre de 2021 \u2013 Noticieros  Televisa\" \/><\/p>\n<p>A una semana de la celebraci\u00f3n de<strong>\u00a0D\u00eda de Muertos<\/strong>, el presidente Andr\u00e9s Manuel L\u00f3pez Obrador (<strong>AMLO<\/strong>) revel\u00f3 cu\u00e1les son sus planes para el<strong>\u00a01 y 2 de noviembre<\/strong>.<\/p>\n<p>Durante su conferencia matutina de este lunes en Palacio Nacional, el\u00a0<strong>jefe del Ejecutivo<\/strong>\u00a0anunci\u00f3 que no habr\u00e1 \u2018ma\u00f1anera\u2019 el lunes ni el martes de la pr\u00f3xima semana, debido a que el 1 y 2 de noviembre son d\u00edas feriados y tomar\u00e1 un breve descanso en su natal Tabasco.<\/p>\n<p><em>\u201cVoy a tomar descanso, son d\u00edas muy especiales, el d\u00eda 1 y 2 son parte de nuestras tradiciones, tenemos que pensar en nuestros difuntos [\u2026] vamos a estar sin actividad, sin conferencia, no voy a estar aqu\u00ed en la Ciudad de M\u00e9xico, voy a mi tierra\u201d<\/em>, dijo.<\/p>\n<p>Tras leer el poema\u00a0<em>Discurso por las flores<\/em>, de Carlos Pellicer,\u00a0<strong>L\u00f3pez Obrador<\/strong>\u00a0anunci\u00f3 que el jueves 28 de octubre la \u2018ma\u00f1anera\u2019 se llevar\u00e1 a cabo en M\u00e9rida, Yucat\u00e1n, donde tambi\u00e9n se realizar\u00e1 la reuni\u00f3n de seguridad.<\/p>\n<p>En tanto, el viernes 29 de octubre, su conferencia matutina tampoco ser\u00e1 en el Sal\u00f3n de Tesorer\u00eda de Palacio Nacional, sino en el estado de Campeche.<\/p>\n<p><em>\u201cVamos a estar sin actividad, sin conferencia, no voy a estar aqu\u00ed en la Ciudad de M\u00e9xico, voy a mi tierra [\u2026] y no vamos a tener conferencia ni lunes ni martes\u201d<\/em>, reiter\u00f3 el\u00a0<strong>mandatario federal<\/strong>.<\/p>\n<p>Con informaci\u00f3n de Radio F\u00f3rmula<\/p>\n","protected":false},"excerpt":{"rendered":"<p>A una semana de la celebraci\u00f3n de\u00a0D\u00eda de Muertos, el presidente Andr\u00e9s Manuel L\u00f3pez Obrador (AMLO) revel\u00f3 cu\u00e1les son sus planes para el\u00a01 y 2 de noviembre. Durante su conferencia matutina de este lunes en Palacio Nacional, el\u00a0jefe del Ejecutivo\u00a0anunci\u00f3 que no habr\u00e1 \u2018ma\u00f1anera\u2019 el lunes ni el martes de la pr\u00f3xima semana, debido a &hellip;<\/p>\n","protected":false},"author":6,"featured_media":11025,"comment_status":"open","ping_status":"closed","sticky":false,"template":"","format":"standard","meta":[],"categories":[39],"tags":[3123,98,381,3122],"_links":{"self":[{"href":"https:\/\/www.elgrillitosuena.com\/inicio\/wp-json\/wp\/v2\/posts\/11024"}],"collection":[{"href":"https:\/\/www.elgrillitosuena.com\/inicio\/wp-json\/wp\/v2\/posts"}],"about":[{"href":"https:\/\/www.elgrillitosuena.com\/inicio\/wp-json\/wp\/v2\/types\/post"}],"author":[{"embeddable":true,"href":"https:\/\/www.elgrillitosuena.com\/inicio\/wp-json\/wp\/v2\/users\/6"}],"replies":[{"embeddable":true,"href":"https:\/\/www.elgrillitosuena.com\/inicio\/wp-json\/wp\/v2\/comments?post=11024"}],"version-history":[{"count":1,"href":"https:\/\/www.elgrillitosuena.com\/inicio\/wp-json\/wp\/v2\/posts\/11024\/revisions"}],"predecessor-version":[{"id":11026,"href":"https:\/\/www.elgrillitosuena.com\/inicio\/wp-json\/wp\/v2\/posts\/11024\/revisions\/11026"}],"wp:featuredmedia":[{"embeddable":true,"href":"https:\/\/www.elgrillitosuena.com\/inicio\/wp-json\/wp\/v2\/media\/11025"}],"wp:attachment":[{"href":"https:\/\/www.elgrillitosuena.com\/inicio\/wp-json\/wp\/v2\/media?parent=11024"}],"wp:term":[{"taxonomy":"category","embeddable":true,"href":"https:\/\/www.elgrillitosuena.com\/inicio\/wp-json\/wp\/v2\/categories?post=11024"},{"taxonomy":"post_tag","embeddable":true,"href":"https:\/\/www.elgrillitosuena.com\/inicio\/wp-json\/wp\/v2\/tags?post=11024"}],"curies":[{"name":"wp","href":"https:\/\/api.w.org\/{rel}","templated":true}]}}