{"id":11021,"date":"2021-10-25T16:39:23","date_gmt":"2021-10-25T16:39:23","guid":{"rendered":"https:\/\/www.elgrillitosuena.com\/inicio\/?p=11021"},"modified":"2021-10-25T16:39:23","modified_gmt":"2021-10-25T16:39:23","slug":"en-que-hemos-lastimado-al-pais-ni-a-magnates-lopez-obrador-a-si-por-mexico","status":"publish","type":"post","link":"https:\/\/www.elgrillitosuena.com\/inicio\/noticias\/mexico\/en-que-hemos-lastimado-al-pais-ni-a-magnates-lopez-obrador-a-si-por-mexico\/","title":{"rendered":"\u00bfEn qu\u00e9 hemos lastimado al pa\u00eds? Ni a magnates: L\u00f3pez Obrador a S\u00ed por M\u00e9xico"},"content":{"rendered":"<p><img decoding=\"async\" src=\"https:\/\/cdn2.excelsior.com.mx\/media\/styles\/image800x600\/public\/pictures\/2021\/10\/25\/2662320.jpg\" \/><\/p>\n<p>El presidente Andr\u00e9s Manuel L\u00f3pez Obrador respondi\u00f3 al empresario y\u00a0<strong>cofundador de la coalici\u00f3n S\u00ed por M\u00e9xico, Claudio X. Gonz\u00e1lez<\/strong>, que la Cuarta Transformaci\u00f3n no ha lastimado a M\u00e9xico ni a los empresarios, ya que \u00e9stos tienen garantizados sus derechos y no se les persigue ni se les han expropiado bienes.<\/p>\n<p>Desde Palacio Nacional, el mandatario calific\u00f3 como una \u201camenaza\u201d un tuit del empresario en el que asegura que la \u201c4t, una gran farsa, acabar\u00e1 mal\u201d y llama a \u201ctomar nota de todos aquellos que, por acci\u00f3n, por omisi\u00f3n, alentaron las acciones y hechos de la actual administraci\u00f3n y lastimaron a M\u00e9xico\u201d.<\/p>\n<blockquote><p>\u00bfEn qu\u00e9 hemos lastimado a M\u00e9xico? Ni siquiera a los magnates los hemos lastimado, porque son libres, tienen garantizado el derecho a disentir, no se les han expropiado bienes, no hay persecuci\u00f3n, participan pol\u00edticamente, lo cual hasta celebramos\u201d, sostuvo el presidente.<\/p><\/blockquote>\n<p>Claudio X. Gonz\u00e1lez public\u00f3 el pasado 22 de octubre el mensaje en sus redes sociales, esto, en el marco del primer a\u00f1o de la coalici\u00f3n PRI-PAN-PRD, cuya celebraci\u00f3n se realiz\u00f3 en un hotel ubicado frente a Palacio Nacional y a la que asistieron tambi\u00e9n el empresario Gustavo de Hoyos.<\/p>\n<p>L\u00f3pez Obrador asegur\u00f3 que el mensaje de S\u00ed por M\u00e9xico es parte de una \u201cdesesperaci\u00f3n\u201d en contra de la Cuarta Transformaci\u00f3n luego de que \u201cno les han funcionado sus estrategias\u201d.<\/p>\n<p>Cabe destacar, que el cofundador de S\u00ed por M\u00e9xico aclar\u00f3 en Twitter que su mensaje no es ninguna amenaza, pues es un liberal y dem\u00f3crata; no obstante, tiene el derecho de denunciar a quienes afectaron al pa\u00eds.<\/p>\n<div id=\"standard_7\" class=\"st-placement standard_7 inPlayer\">\n<div class=\"st-adunit st-reset st-show\">\n<p><strong>S\u00cd POR M\u00c9XICO, LISTO PARA EL 2024<\/strong><\/p>\n<p>El pasado 20 de octubre, S\u00ed por M\u00e9xico llam\u00f3 a los partidos de oposici\u00f3n a la unidad para \u201cenfrentar\u201d a la actual administraci\u00f3n y para que el actual r\u00e9gimen no contin\u00fae.<\/p>\n<p>Durante el acto, Claudio X. Gonz\u00e1lez asegur\u00f3 que el pasado 6 de junio qued\u00f3 demostrado que los votos que PRI, PAN y PRD obtuvieron, adem\u00e1s de los de Movimiento Ciudadano \u2014aunque este partido no fue parte de la alianza ni ha aceptado unirse\u2014, es una muestra de la fuerza que se tiene rumbo a 2024.<\/p>\n<p>Por lo anterior, S\u00ed\u00a0por M\u00e9xico lanz\u00f3 una serie de objetivos rumbo a las elecciones federales de 2024, entre los cuales est\u00e1n: construir la visi\u00f3n del M\u00e9xico Ganador, promover el primer gobierno federal de coalici\u00f3n, sumar a Movimiento Ciudadano, entre otros.<\/p>\n<p>Con informaci\u00f3n de Exc\u00e9lsior<\/p>\n<\/div>\n<\/div>\n","protected":false},"excerpt":{"rendered":"<p>El presidente Andr\u00e9s Manuel L\u00f3pez Obrador respondi\u00f3 al empresario y\u00a0cofundador de la coalici\u00f3n S\u00ed por M\u00e9xico, Claudio X. Gonz\u00e1lez, que la Cuarta Transformaci\u00f3n no ha lastimado a M\u00e9xico ni a los empresarios, ya que \u00e9stos tienen garantizados sus derechos y no se les persigue ni se les han expropiado bienes. Desde Palacio Nacional, el mandatario &hellip;<\/p>\n","protected":false},"author":6,"featured_media":11022,"comment_status":"open","ping_status":"closed","sticky":false,"template":"","format":"standard","meta":[],"categories":[39],"tags":[98,3121,2947],"_links":{"self":[{"href":"https:\/\/www.elgrillitosuena.com\/inicio\/wp-json\/wp\/v2\/posts\/11021"}],"collection":[{"href":"https:\/\/www.elgrillitosuena.com\/inicio\/wp-json\/wp\/v2\/posts"}],"about":[{"href":"https:\/\/www.elgrillitosuena.com\/inicio\/wp-json\/wp\/v2\/types\/post"}],"author":[{"embeddable":true,"href":"https:\/\/www.elgrillitosuena.com\/inicio\/wp-json\/wp\/v2\/users\/6"}],"replies":[{"embeddable":true,"href":"https:\/\/www.elgrillitosuena.com\/inicio\/wp-json\/wp\/v2\/comments?post=11021"}],"version-history":[{"count":1,"href":"https:\/\/www.elgrillitosuena.com\/inicio\/wp-json\/wp\/v2\/posts\/11021\/revisions"}],"predecessor-version":[{"id":11023,"href":"https:\/\/www.elgrillitosuena.com\/inicio\/wp-json\/wp\/v2\/posts\/11021\/revisions\/11023"}],"wp:featuredmedia":[{"embeddable":true,"href":"https:\/\/www.elgrillitosuena.com\/inicio\/wp-json\/wp\/v2\/media\/11022"}],"wp:attachment":[{"href":"https:\/\/www.elgrillitosuena.com\/inicio\/wp-json\/wp\/v2\/media?parent=11021"}],"wp:term":[{"taxonomy":"category","embeddable":true,"href":"https:\/\/www.elgrillitosuena.com\/inicio\/wp-json\/wp\/v2\/categories?post=11021"},{"taxonomy":"post_tag","embeddable":true,"href":"https:\/\/www.elgrillitosuena.com\/inicio\/wp-json\/wp\/v2\/tags?post=11021"}],"curies":[{"name":"wp","href":"https:\/\/api.w.org\/{rel}","templated":true}]}}