{"id":11014,"date":"2021-10-25T16:32:26","date_gmt":"2021-10-25T16:32:26","guid":{"rendered":"https:\/\/www.elgrillitosuena.com\/inicio\/?p=11014"},"modified":"2021-10-25T18:05:33","modified_gmt":"2021-10-25T18:05:33","slug":"rehabilitacion-y-mantenimiento-de-brechas-cortafuego-en-el-cerro-de-la-cruz","status":"publish","type":"post","link":"https:\/\/www.elgrillitosuena.com\/inicio\/noticias\/uruapan\/rehabilitacion-y-mantenimiento-de-brechas-cortafuego-en-el-cerro-de-la-cruz\/","title":{"rendered":"Rehabilitaci\u00f3n y mantenimiento de brechas cortafuego en el cerro de la Cruz"},"content":{"rendered":"<p><img decoding=\"async\" loading=\"lazy\" class=\"alignnone wp-image-11015\" src=\"https:\/\/www.elgrillitosuena.com\/inicio\/wp-content\/uploads\/2021\/10\/WhatsApp-Image-2021-10-25-at-9.27.22-AM-225x300.jpeg\" alt=\"\" width=\"580\" height=\"773\" srcset=\"https:\/\/www.elgrillitosuena.com\/inicio\/wp-content\/uploads\/2021\/10\/WhatsApp-Image-2021-10-25-at-9.27.22-AM-225x300.jpeg 225w, https:\/\/www.elgrillitosuena.com\/inicio\/wp-content\/uploads\/2021\/10\/WhatsApp-Image-2021-10-25-at-9.27.22-AM-768x1024.jpeg 768w, https:\/\/www.elgrillitosuena.com\/inicio\/wp-content\/uploads\/2021\/10\/WhatsApp-Image-2021-10-25-at-9.27.22-AM-1152x1536.jpeg 1152w, https:\/\/www.elgrillitosuena.com\/inicio\/wp-content\/uploads\/2021\/10\/WhatsApp-Image-2021-10-25-at-9.27.22-AM.jpeg 1200w\" sizes=\"(max-width: 580px) 100vw, 580px\" \/><\/p>\n<p>Como parte de las estrategias que el Gobierno de la Transformaci\u00f3n tiene contempladas para disminuir la incidencia de incendios en el municipio, personal de Secretaria de Desarrollo Urbano y Medio Ambiente(Seduma), contin\u00faa realizando tareas de mantenimiento y rehabilitaci\u00f3n de brechas cortafuego en diferentes zonas boscosas.<\/p>\n<p><img decoding=\"async\" loading=\"lazy\" class=\"alignnone wp-image-11016\" src=\"https:\/\/www.elgrillitosuena.com\/inicio\/wp-content\/uploads\/2021\/10\/WhatsApp-Image-2021-10-25-at-9.27.22-AM-1-225x300.jpeg\" alt=\"\" width=\"577\" height=\"769\" srcset=\"https:\/\/www.elgrillitosuena.com\/inicio\/wp-content\/uploads\/2021\/10\/WhatsApp-Image-2021-10-25-at-9.27.22-AM-1-225x300.jpeg 225w, https:\/\/www.elgrillitosuena.com\/inicio\/wp-content\/uploads\/2021\/10\/WhatsApp-Image-2021-10-25-at-9.27.22-AM-1-768x1024.jpeg 768w, https:\/\/www.elgrillitosuena.com\/inicio\/wp-content\/uploads\/2021\/10\/WhatsApp-Image-2021-10-25-at-9.27.22-AM-1-1152x1536.jpeg 1152w, https:\/\/www.elgrillitosuena.com\/inicio\/wp-content\/uploads\/2021\/10\/WhatsApp-Image-2021-10-25-at-9.27.22-AM-1.jpeg 1200w\" sizes=\"(max-width: 577px) 100vw, 577px\" \/><br \/>\nLo anterior lo dio a conocer Martha Liliana Victoria B\u00e1ez, titular de la dependencia, qui\u00e9n inform\u00f3 que dando continuidad al programa municipal \u201cManejo de Fuego\u201d este domingo, en coordinaci\u00f3n con la asociaci\u00f3n j\u00f3venes de \u201cJorhenperan Reviviendo a Uruapan\u201d, se realiz\u00f3 el mantenimiento y rehabilitaci\u00f3n de brechas cortafuego en el cerro de la Cruz.<\/p>\n<p><img decoding=\"async\" loading=\"lazy\" class=\"alignnone wp-image-11017\" src=\"https:\/\/www.elgrillitosuena.com\/inicio\/wp-content\/uploads\/2021\/10\/WhatsApp-Image-2021-10-25-at-9.27.23-AM-300x225.jpeg\" alt=\"\" width=\"675\" height=\"506\" srcset=\"https:\/\/www.elgrillitosuena.com\/inicio\/wp-content\/uploads\/2021\/10\/WhatsApp-Image-2021-10-25-at-9.27.23-AM-300x225.jpeg 300w, https:\/\/www.elgrillitosuena.com\/inicio\/wp-content\/uploads\/2021\/10\/WhatsApp-Image-2021-10-25-at-9.27.23-AM-1024x768.jpeg 1024w, https:\/\/www.elgrillitosuena.com\/inicio\/wp-content\/uploads\/2021\/10\/WhatsApp-Image-2021-10-25-at-9.27.23-AM-768x576.jpeg 768w, https:\/\/www.elgrillitosuena.com\/inicio\/wp-content\/uploads\/2021\/10\/WhatsApp-Image-2021-10-25-at-9.27.23-AM-1536x1152.jpeg 1536w, https:\/\/www.elgrillitosuena.com\/inicio\/wp-content\/uploads\/2021\/10\/WhatsApp-Image-2021-10-25-at-9.27.23-AM.jpeg 1600w\" sizes=\"(max-width: 675px) 100vw, 675px\" \/><br \/>\nAcompa\u00f1ada del director de medio ambiente Juan Manuel Tung\u00fci Olivos y de Jos\u00e9 Alonso Herrera Gudi\u00f1o, Jefe del departamento Forestal, se\u00f1al\u00f3 que se trabaja a diario con los tres niveles de gobierno y autoridades comunitarias y ejidales, as\u00ed como diferentes sectores de la sociedad civil organizada, con el fin de conservar y proteger nuestra masa forestal.<\/p>\n<p><img decoding=\"async\" loading=\"lazy\" class=\"alignnone wp-image-11019\" src=\"https:\/\/www.elgrillitosuena.com\/inicio\/wp-content\/uploads\/2021\/10\/WhatsApp-Image-2021-10-25-at-9.27.22-AM-2-1-225x300.jpeg\" alt=\"\" width=\"464\" height=\"619\" srcset=\"https:\/\/www.elgrillitosuena.com\/inicio\/wp-content\/uploads\/2021\/10\/WhatsApp-Image-2021-10-25-at-9.27.22-AM-2-1-225x300.jpeg 225w, https:\/\/www.elgrillitosuena.com\/inicio\/wp-content\/uploads\/2021\/10\/WhatsApp-Image-2021-10-25-at-9.27.22-AM-2-1-768x1024.jpeg 768w, https:\/\/www.elgrillitosuena.com\/inicio\/wp-content\/uploads\/2021\/10\/WhatsApp-Image-2021-10-25-at-9.27.22-AM-2-1-1152x1536.jpeg 1152w, https:\/\/www.elgrillitosuena.com\/inicio\/wp-content\/uploads\/2021\/10\/WhatsApp-Image-2021-10-25-at-9.27.22-AM-2-1.jpeg 1200w\" sizes=\"(max-width: 464px) 100vw, 464px\" \/><br \/>\nVictoria B\u00e1ez inform\u00f3 que por indicaciones del presidente municipal Nacho Campos, durante el Gobierno del Bien, estos trabajos se realizar\u00e1n cada domingo, para avanzar en la recuperaci\u00f3n de las \u00e1reas naturales del municipio.<\/p>\n","protected":false},"excerpt":{"rendered":"<p>Como parte de las estrategias que el Gobierno de la Transformaci\u00f3n tiene contempladas para disminuir la incidencia de incendios en el municipio, personal de Secretaria de Desarrollo Urbano y Medio Ambiente(Seduma), contin\u00faa realizando tareas de mantenimiento y rehabilitaci\u00f3n de brechas cortafuego en diferentes zonas boscosas. Lo anterior lo dio a conocer Martha Liliana Victoria B\u00e1ez, &hellip;<\/p>\n","protected":false},"author":6,"featured_media":11016,"comment_status":"open","ping_status":"closed","sticky":false,"template":"","format":"standard","meta":[],"categories":[37],"tags":[3120,1588,1932],"_links":{"self":[{"href":"https:\/\/www.elgrillitosuena.com\/inicio\/wp-json\/wp\/v2\/posts\/11014"}],"collection":[{"href":"https:\/\/www.elgrillitosuena.com\/inicio\/wp-json\/wp\/v2\/posts"}],"about":[{"href":"https:\/\/www.elgrillitosuena.com\/inicio\/wp-json\/wp\/v2\/types\/post"}],"author":[{"embeddable":true,"href":"https:\/\/www.elgrillitosuena.com\/inicio\/wp-json\/wp\/v2\/users\/6"}],"replies":[{"embeddable":true,"href":"https:\/\/www.elgrillitosuena.com\/inicio\/wp-json\/wp\/v2\/comments?post=11014"}],"version-history":[{"count":1,"href":"https:\/\/www.elgrillitosuena.com\/inicio\/wp-json\/wp\/v2\/posts\/11014\/revisions"}],"predecessor-version":[{"id":11020,"href":"https:\/\/www.elgrillitosuena.com\/inicio\/wp-json\/wp\/v2\/posts\/11014\/revisions\/11020"}],"wp:featuredmedia":[{"embeddable":true,"href":"https:\/\/www.elgrillitosuena.com\/inicio\/wp-json\/wp\/v2\/media\/11016"}],"wp:attachment":[{"href":"https:\/\/www.elgrillitosuena.com\/inicio\/wp-json\/wp\/v2\/media?parent=11014"}],"wp:term":[{"taxonomy":"category","embeddable":true,"href":"https:\/\/www.elgrillitosuena.com\/inicio\/wp-json\/wp\/v2\/categories?post=11014"},{"taxonomy":"post_tag","embeddable":true,"href":"https:\/\/www.elgrillitosuena.com\/inicio\/wp-json\/wp\/v2\/tags?post=11014"}],"curies":[{"name":"wp","href":"https:\/\/api.w.org\/{rel}","templated":true}]}}