{"id":11008,"date":"2021-10-25T16:23:05","date_gmt":"2021-10-25T16:23:05","guid":{"rendered":"https:\/\/www.elgrillitosuena.com\/inicio\/?p=11008"},"modified":"2021-10-25T18:05:56","modified_gmt":"2021-10-25T18:05:56","slug":"parques-y-jardines-trabaja-en-instalacion-de-plantas-de-cempasuchil","status":"publish","type":"post","link":"https:\/\/www.elgrillitosuena.com\/inicio\/noticias\/uruapan\/parques-y-jardines-trabaja-en-instalacion-de-plantas-de-cempasuchil\/","title":{"rendered":"Parques y Jardines trabaja en instalaci\u00f3n de plantas de cempas\u00fachil"},"content":{"rendered":"<p><img decoding=\"async\" loading=\"lazy\" class=\"alignnone wp-image-11009\" src=\"https:\/\/www.elgrillitosuena.com\/inicio\/wp-content\/uploads\/2021\/10\/WhatsApp-Image-2021-10-25-at-9.27.21-AM-300x225.jpeg\" alt=\"\" width=\"620\" height=\"465\" srcset=\"https:\/\/www.elgrillitosuena.com\/inicio\/wp-content\/uploads\/2021\/10\/WhatsApp-Image-2021-10-25-at-9.27.21-AM-300x225.jpeg 300w, https:\/\/www.elgrillitosuena.com\/inicio\/wp-content\/uploads\/2021\/10\/WhatsApp-Image-2021-10-25-at-9.27.21-AM-1024x768.jpeg 1024w, https:\/\/www.elgrillitosuena.com\/inicio\/wp-content\/uploads\/2021\/10\/WhatsApp-Image-2021-10-25-at-9.27.21-AM-768x576.jpeg 768w, https:\/\/www.elgrillitosuena.com\/inicio\/wp-content\/uploads\/2021\/10\/WhatsApp-Image-2021-10-25-at-9.27.21-AM-1536x1152.jpeg 1536w, https:\/\/www.elgrillitosuena.com\/inicio\/wp-content\/uploads\/2021\/10\/WhatsApp-Image-2021-10-25-at-9.27.21-AM.jpeg 1600w\" sizes=\"(max-width: 620px) 100vw, 620px\" \/><\/p>\n<p>Con la finalidad de que la ciudadan\u00eda disfrute de la celebraci\u00f3n de D\u00eda de Muertos, el gobierno municipal ha comenzado desde el viernes 22 de octubre y continua hasta el momento, colocando en diversos puntos de la ciudad de Uruapan, las tradicionales flores de cempas\u00fachil de manera intensiva.<\/p>\n<p><img decoding=\"async\" loading=\"lazy\" class=\"alignnone wp-image-11010\" src=\"https:\/\/www.elgrillitosuena.com\/inicio\/wp-content\/uploads\/2021\/10\/WhatsApp-Image-2021-10-25-at-9.27.20-AM-1-300x225.jpeg\" alt=\"\" width=\"636\" height=\"477\" srcset=\"https:\/\/www.elgrillitosuena.com\/inicio\/wp-content\/uploads\/2021\/10\/WhatsApp-Image-2021-10-25-at-9.27.20-AM-1-300x225.jpeg 300w, https:\/\/www.elgrillitosuena.com\/inicio\/wp-content\/uploads\/2021\/10\/WhatsApp-Image-2021-10-25-at-9.27.20-AM-1-1024x768.jpeg 1024w, https:\/\/www.elgrillitosuena.com\/inicio\/wp-content\/uploads\/2021\/10\/WhatsApp-Image-2021-10-25-at-9.27.20-AM-1-768x576.jpeg 768w, https:\/\/www.elgrillitosuena.com\/inicio\/wp-content\/uploads\/2021\/10\/WhatsApp-Image-2021-10-25-at-9.27.20-AM-1-1536x1152.jpeg 1536w, https:\/\/www.elgrillitosuena.com\/inicio\/wp-content\/uploads\/2021\/10\/WhatsApp-Image-2021-10-25-at-9.27.20-AM-1.jpeg 1600w\" sizes=\"(max-width: 636px) 100vw, 636px\" \/><\/p>\n<p>Lo anterior fue dado a conocer por Felipe Constant\u00edno Espinosa, secretario de Servicios P\u00fablicos, quien adem\u00e1s inform\u00f3 que esta actividad se est\u00e1 llevando a cabo por parte de personal de Parques y Jardines, en lugares emblem\u00e1ticos y ya tradicionales, como son centro hist\u00f3rico, paseo L\u00e1zaro C\u00e1rdenas, glorieta Latinoamericana, glorieta de Niza, avenida Latinoamericana, boulevard Industrial y avenida Chiapas, entre otros.<\/p>\n<p><img decoding=\"async\" loading=\"lazy\" class=\"alignnone wp-image-11011\" src=\"https:\/\/www.elgrillitosuena.com\/inicio\/wp-content\/uploads\/2021\/10\/WhatsApp-Image-2021-10-25-at-9.27.21-AM-1-225x300.jpeg\" alt=\"\" width=\"441\" height=\"588\" srcset=\"https:\/\/www.elgrillitosuena.com\/inicio\/wp-content\/uploads\/2021\/10\/WhatsApp-Image-2021-10-25-at-9.27.21-AM-1-225x300.jpeg 225w, https:\/\/www.elgrillitosuena.com\/inicio\/wp-content\/uploads\/2021\/10\/WhatsApp-Image-2021-10-25-at-9.27.21-AM-1-768x1024.jpeg 768w, https:\/\/www.elgrillitosuena.com\/inicio\/wp-content\/uploads\/2021\/10\/WhatsApp-Image-2021-10-25-at-9.27.21-AM-1-1152x1536.jpeg 1152w, https:\/\/www.elgrillitosuena.com\/inicio\/wp-content\/uploads\/2021\/10\/WhatsApp-Image-2021-10-25-at-9.27.21-AM-1.jpeg 1200w\" sizes=\"(max-width: 441px) 100vw, 441px\" \/><\/p>\n<p>Dijo adem\u00e1s el funcionario, que el presidente municipal Ignacio Campos, gir\u00f3 la instrucci\u00f3n a todas las secretar\u00edas, que est\u00e1n involucradas directamente en la preparaci\u00f3n de la celebraci\u00f3n de D\u00eda de Muertos, pongan todo su empe\u00f1o; pero, sobre todo, el coraz\u00f3n para que la ciudadan\u00eda disfrute en familia de esta tradici\u00f3n de manera segura y respetando las medidas sanitarias para evitar la propagaci\u00f3n del Covid 19.<\/p>\n<p><img decoding=\"async\" loading=\"lazy\" class=\"alignnone wp-image-11012\" src=\"https:\/\/www.elgrillitosuena.com\/inicio\/wp-content\/uploads\/2021\/10\/WhatsApp-Image-2021-10-25-at-9.27.20-AM-300x225.jpeg\" alt=\"\" width=\"608\" height=\"456\" srcset=\"https:\/\/www.elgrillitosuena.com\/inicio\/wp-content\/uploads\/2021\/10\/WhatsApp-Image-2021-10-25-at-9.27.20-AM-300x225.jpeg 300w, https:\/\/www.elgrillitosuena.com\/inicio\/wp-content\/uploads\/2021\/10\/WhatsApp-Image-2021-10-25-at-9.27.20-AM-1024x768.jpeg 1024w, https:\/\/www.elgrillitosuena.com\/inicio\/wp-content\/uploads\/2021\/10\/WhatsApp-Image-2021-10-25-at-9.27.20-AM-768x576.jpeg 768w, https:\/\/www.elgrillitosuena.com\/inicio\/wp-content\/uploads\/2021\/10\/WhatsApp-Image-2021-10-25-at-9.27.20-AM-1536x1152.jpeg 1536w, https:\/\/www.elgrillitosuena.com\/inicio\/wp-content\/uploads\/2021\/10\/WhatsApp-Image-2021-10-25-at-9.27.20-AM.jpeg 1600w\" sizes=\"(max-width: 608px) 100vw, 608px\" \/><\/p>\n<p>Por \u00faltimo, Constantino Espinosa invit\u00f3 a la ciudadan\u00eda a cuidar los espacios p\u00fablicos y a denunciar cualquier tipo de vandalismo en torno a los jardines; pero, sobre todo, invit\u00f3 a que los uruapenses disfruten con tranquilidad y en paz estas fechas tan emblem\u00e1ticas.<\/p>\n","protected":false},"excerpt":{"rendered":"<p>Con la finalidad de que la ciudadan\u00eda disfrute de la celebraci\u00f3n de D\u00eda de Muertos, el gobierno municipal ha comenzado desde el viernes 22 de octubre y continua hasta el momento, colocando en diversos puntos de la ciudad de Uruapan, las tradicionales flores de cempas\u00fachil de manera intensiva. Lo anterior fue dado a conocer por &hellip;<\/p>\n","protected":false},"author":6,"featured_media":11009,"comment_status":"open","ping_status":"closed","sticky":false,"template":"","format":"standard","meta":[],"categories":[37],"tags":[381,2801,1588],"_links":{"self":[{"href":"https:\/\/www.elgrillitosuena.com\/inicio\/wp-json\/wp\/v2\/posts\/11008"}],"collection":[{"href":"https:\/\/www.elgrillitosuena.com\/inicio\/wp-json\/wp\/v2\/posts"}],"about":[{"href":"https:\/\/www.elgrillitosuena.com\/inicio\/wp-json\/wp\/v2\/types\/post"}],"author":[{"embeddable":true,"href":"https:\/\/www.elgrillitosuena.com\/inicio\/wp-json\/wp\/v2\/users\/6"}],"replies":[{"embeddable":true,"href":"https:\/\/www.elgrillitosuena.com\/inicio\/wp-json\/wp\/v2\/comments?post=11008"}],"version-history":[{"count":1,"href":"https:\/\/www.elgrillitosuena.com\/inicio\/wp-json\/wp\/v2\/posts\/11008\/revisions"}],"predecessor-version":[{"id":11013,"href":"https:\/\/www.elgrillitosuena.com\/inicio\/wp-json\/wp\/v2\/posts\/11008\/revisions\/11013"}],"wp:featuredmedia":[{"embeddable":true,"href":"https:\/\/www.elgrillitosuena.com\/inicio\/wp-json\/wp\/v2\/media\/11009"}],"wp:attachment":[{"href":"https:\/\/www.elgrillitosuena.com\/inicio\/wp-json\/wp\/v2\/media?parent=11008"}],"wp:term":[{"taxonomy":"category","embeddable":true,"href":"https:\/\/www.elgrillitosuena.com\/inicio\/wp-json\/wp\/v2\/categories?post=11008"},{"taxonomy":"post_tag","embeddable":true,"href":"https:\/\/www.elgrillitosuena.com\/inicio\/wp-json\/wp\/v2\/tags?post=11008"}],"curies":[{"name":"wp","href":"https:\/\/api.w.org\/{rel}","templated":true}]}}