{"id":11004,"date":"2021-10-25T16:15:25","date_gmt":"2021-10-25T16:15:25","guid":{"rendered":"https:\/\/www.elgrillitosuena.com\/inicio\/?p=11004"},"modified":"2021-10-25T16:15:25","modified_gmt":"2021-10-25T16:15:25","slug":"a-favor-de-la-autonomia-indigena","status":"publish","type":"post","link":"https:\/\/www.elgrillitosuena.com\/inicio\/noticias\/uruapan\/a-favor-de-la-autonomia-indigena\/","title":{"rendered":"A favor de la autonom\u00eda ind\u00edgena"},"content":{"rendered":"<p><img decoding=\"async\" loading=\"lazy\" class=\"alignnone  wp-image-11006\" src=\"https:\/\/www.elgrillitosuena.com\/inicio\/wp-content\/uploads\/2021\/10\/WhatsApp-Image-2021-10-25-at-9.27.19-AM-3-300x200.jpeg\" alt=\"\" width=\"656\" height=\"437\" srcset=\"https:\/\/www.elgrillitosuena.com\/inicio\/wp-content\/uploads\/2021\/10\/WhatsApp-Image-2021-10-25-at-9.27.19-AM-3-300x200.jpeg 300w, https:\/\/www.elgrillitosuena.com\/inicio\/wp-content\/uploads\/2021\/10\/WhatsApp-Image-2021-10-25-at-9.27.19-AM-3-768x512.jpeg 768w, https:\/\/www.elgrillitosuena.com\/inicio\/wp-content\/uploads\/2021\/10\/WhatsApp-Image-2021-10-25-at-9.27.19-AM-3.jpeg 1024w\" sizes=\"(max-width: 656px) 100vw, 656px\" \/><\/p>\n<p>El presidente municipal de Uruapan, Ignacio Campos Equihua, reiter\u00f3 que su gobierno es af\u00edn con todas las acciones que promuevan y faciliten el reconocimiento a la autonom\u00eda de los pueblos ind\u00edgenas, y dijo que congruente con esta postura, dar\u00e1 seguimiento puntual al procedimiento que permita legitimar este derecho.<\/p>\n<p>En ese sentido se pronunci\u00f3, tras conocer los resultados contundentes de la tercera etapa de la convocatoria de la consulta previa, libre e informada, desarrollada este domingo en la Comunidad Ind\u00edgena de Angahuan, municipio de Uruapan.<\/p>\n<p>Expuso que ante los resultados de este ejercicio democr\u00e1tico organizado por el Instituto Electoral de Michoac\u00e1n, el gobierno que encabeza estar\u00e1 atento a dar todas las facilidades para que, de acuerdo al procedimiento, Angahuan aceda a los recursos de manera directa.<\/p>\n<p><img decoding=\"async\" loading=\"lazy\" class=\"alignnone  wp-image-11005\" src=\"https:\/\/www.elgrillitosuena.com\/inicio\/wp-content\/uploads\/2021\/10\/WhatsApp-Image-2021-10-25-at-9.27.19-AM-2-300x200.jpeg\" alt=\"\" width=\"632\" height=\"421\" srcset=\"https:\/\/www.elgrillitosuena.com\/inicio\/wp-content\/uploads\/2021\/10\/WhatsApp-Image-2021-10-25-at-9.27.19-AM-2-300x200.jpeg 300w, https:\/\/www.elgrillitosuena.com\/inicio\/wp-content\/uploads\/2021\/10\/WhatsApp-Image-2021-10-25-at-9.27.19-AM-2-768x512.jpeg 768w, https:\/\/www.elgrillitosuena.com\/inicio\/wp-content\/uploads\/2021\/10\/WhatsApp-Image-2021-10-25-at-9.27.19-AM-2.jpeg 1024w\" sizes=\"(max-width: 632px) 100vw, 632px\" \/><\/p>\n<p>\u201cEn cuanto tengan todo el procedimiento con la autoridad ,y hayan cumplido con los requerimientos y tr\u00e1mites fiscales, estaremos sometiendo a Cabildo los resultados de dicha consulta, para actuar conforme lo marca la ley\u201d, sostuvo.<\/p>\n<p>Nacho Campos reiter\u00f3 que ser\u00e1 respetuoso de la decisi\u00f3n de la comunidad, con base a su autonom\u00eda; sobre todo, cuando de manera un\u00e1nime votaron por la afirmativa de autogobernarse mediante el ejercicio del presupuesto directo, as\u00ed como que sea su Consejo Comunal, quien administre dicho presupuesto y sea el responsable de su manejo ante la Auditor\u00eda Superior del Estado.<\/p>\n","protected":false},"excerpt":{"rendered":"<p>El presidente municipal de Uruapan, Ignacio Campos Equihua, reiter\u00f3 que su gobierno es af\u00edn con todas las acciones que promuevan y faciliten el reconocimiento a la autonom\u00eda de los pueblos ind\u00edgenas, y dijo que congruente con esta postura, dar\u00e1 seguimiento puntual al procedimiento que permita legitimar este derecho. En ese sentido se pronunci\u00f3, tras conocer &hellip;<\/p>\n","protected":false},"author":6,"featured_media":11006,"comment_status":"open","ping_status":"closed","sticky":false,"template":"","format":"standard","meta":[],"categories":[3116,37],"tags":[3118,3119,1588,2007],"_links":{"self":[{"href":"https:\/\/www.elgrillitosuena.com\/inicio\/wp-json\/wp\/v2\/posts\/11004"}],"collection":[{"href":"https:\/\/www.elgrillitosuena.com\/inicio\/wp-json\/wp\/v2\/posts"}],"about":[{"href":"https:\/\/www.elgrillitosuena.com\/inicio\/wp-json\/wp\/v2\/types\/post"}],"author":[{"embeddable":true,"href":"https:\/\/www.elgrillitosuena.com\/inicio\/wp-json\/wp\/v2\/users\/6"}],"replies":[{"embeddable":true,"href":"https:\/\/www.elgrillitosuena.com\/inicio\/wp-json\/wp\/v2\/comments?post=11004"}],"version-history":[{"count":1,"href":"https:\/\/www.elgrillitosuena.com\/inicio\/wp-json\/wp\/v2\/posts\/11004\/revisions"}],"predecessor-version":[{"id":11007,"href":"https:\/\/www.elgrillitosuena.com\/inicio\/wp-json\/wp\/v2\/posts\/11004\/revisions\/11007"}],"wp:featuredmedia":[{"embeddable":true,"href":"https:\/\/www.elgrillitosuena.com\/inicio\/wp-json\/wp\/v2\/media\/11006"}],"wp:attachment":[{"href":"https:\/\/www.elgrillitosuena.com\/inicio\/wp-json\/wp\/v2\/media?parent=11004"}],"wp:term":[{"taxonomy":"category","embeddable":true,"href":"https:\/\/www.elgrillitosuena.com\/inicio\/wp-json\/wp\/v2\/categories?post=11004"},{"taxonomy":"post_tag","embeddable":true,"href":"https:\/\/www.elgrillitosuena.com\/inicio\/wp-json\/wp\/v2\/tags?post=11004"}],"curies":[{"name":"wp","href":"https:\/\/api.w.org\/{rel}","templated":true}]}}