{"id":11000,"date":"2021-10-25T16:07:49","date_gmt":"2021-10-25T16:07:49","guid":{"rendered":"https:\/\/www.elgrillitosuena.com\/inicio\/?p=11000"},"modified":"2021-10-25T16:07:49","modified_gmt":"2021-10-25T16:07:49","slug":"crear-el-bien-a-traves-del-deporte","status":"publish","type":"post","link":"https:\/\/www.elgrillitosuena.com\/inicio\/noticias\/uruapan\/crear-el-bien-a-traves-del-deporte\/","title":{"rendered":"Crear el bien, a trav\u00e9s del deporte"},"content":{"rendered":"<p><img decoding=\"async\" loading=\"lazy\" class=\"alignnone  wp-image-11001\" src=\"https:\/\/www.elgrillitosuena.com\/inicio\/wp-content\/uploads\/2021\/10\/WhatsApp-Image-2021-10-25-at-9.27.19-AM-300x200.jpeg\" alt=\"\" width=\"699\" height=\"466\" srcset=\"https:\/\/www.elgrillitosuena.com\/inicio\/wp-content\/uploads\/2021\/10\/WhatsApp-Image-2021-10-25-at-9.27.19-AM-300x200.jpeg 300w, https:\/\/www.elgrillitosuena.com\/inicio\/wp-content\/uploads\/2021\/10\/WhatsApp-Image-2021-10-25-at-9.27.19-AM-1024x682.jpeg 1024w, https:\/\/www.elgrillitosuena.com\/inicio\/wp-content\/uploads\/2021\/10\/WhatsApp-Image-2021-10-25-at-9.27.19-AM-768x512.jpeg 768w, https:\/\/www.elgrillitosuena.com\/inicio\/wp-content\/uploads\/2021\/10\/WhatsApp-Image-2021-10-25-at-9.27.19-AM-1536x1023.jpeg 1536w, https:\/\/www.elgrillitosuena.com\/inicio\/wp-content\/uploads\/2021\/10\/WhatsApp-Image-2021-10-25-at-9.27.19-AM.jpeg 1600w\" sizes=\"(max-width: 699px) 100vw, 699px\" \/><\/p>\n<p>Nuevamente el deporte fue eje central de las actividades del presidente municipal Ignacio Campos, quien en esta ocasi\u00f3n corri\u00f3 la justa atl\u00e9tica tradicional de 7.5 kil\u00f3metros que re\u00fane a centenares de personas provenientes de diversos municipios de Michoac\u00e1n.<\/p>\n<p>En su mensaje a los participantes Nacho Campos valor\u00f3 al deporte como factor de convivencia social, al tiempo que refrend\u00f3 su compromiso de continuar impulsando todas aquellas actividades que impacten positivamente en la armon\u00eda social.<\/p>\n<p><img decoding=\"async\" loading=\"lazy\" class=\"alignnone  wp-image-11002\" src=\"https:\/\/www.elgrillitosuena.com\/inicio\/wp-content\/uploads\/2021\/10\/WhatsApp-Image-2021-10-25-at-9.27.19-AM-1-300x200.jpeg\" alt=\"\" width=\"642\" height=\"428\" srcset=\"https:\/\/www.elgrillitosuena.com\/inicio\/wp-content\/uploads\/2021\/10\/WhatsApp-Image-2021-10-25-at-9.27.19-AM-1-300x200.jpeg 300w, https:\/\/www.elgrillitosuena.com\/inicio\/wp-content\/uploads\/2021\/10\/WhatsApp-Image-2021-10-25-at-9.27.19-AM-1-1024x682.jpeg 1024w, https:\/\/www.elgrillitosuena.com\/inicio\/wp-content\/uploads\/2021\/10\/WhatsApp-Image-2021-10-25-at-9.27.19-AM-1-768x512.jpeg 768w, https:\/\/www.elgrillitosuena.com\/inicio\/wp-content\/uploads\/2021\/10\/WhatsApp-Image-2021-10-25-at-9.27.19-AM-1-1536x1023.jpeg 1536w, https:\/\/www.elgrillitosuena.com\/inicio\/wp-content\/uploads\/2021\/10\/WhatsApp-Image-2021-10-25-at-9.27.19-AM-1.jpeg 1600w\" sizes=\"(max-width: 642px) 100vw, 642px\" \/><\/p>\n<p>Acompa\u00f1ado de su esposa, la presidenta honoraria del Sistema DIF Municipal, Yadira Ram\u00edrez Mora, as\u00ed como de sus 5 hijas, recorrieron el paseo de la Revoluci\u00f3n y en seguida el paseo L\u00e1zaro C\u00e1rdenas, recibiendo a su paso diversas muestras de afecto, tanto de los corredores como de las personas que atestiguaron esta competencia.<\/p>\n<p>Lugo de cruzar la meta y convivir con los participantes, Nacho Campos hizo un reconocimiento al empresario radiof\u00f3nico Alfonso Sanabria, por reanudar tras la pandemia esta importante esta justa atl\u00e9tica que estimula el esp\u00edritu competitivo y al deporte como forma de vida.<\/p>\n","protected":false},"excerpt":{"rendered":"<p>Nuevamente el deporte fue eje central de las actividades del presidente municipal Ignacio Campos, quien en esta ocasi\u00f3n corri\u00f3 la justa atl\u00e9tica tradicional de 7.5 kil\u00f3metros que re\u00fane a centenares de personas provenientes de diversos municipios de Michoac\u00e1n. En su mensaje a los participantes Nacho Campos valor\u00f3 al deporte como factor de convivencia social, al &hellip;<\/p>\n","protected":false},"author":6,"featured_media":11001,"comment_status":"open","ping_status":"closed","sticky":false,"template":"","format":"standard","meta":[],"categories":[3116,37],"tags":[1256,2833,1588],"_links":{"self":[{"href":"https:\/\/www.elgrillitosuena.com\/inicio\/wp-json\/wp\/v2\/posts\/11000"}],"collection":[{"href":"https:\/\/www.elgrillitosuena.com\/inicio\/wp-json\/wp\/v2\/posts"}],"about":[{"href":"https:\/\/www.elgrillitosuena.com\/inicio\/wp-json\/wp\/v2\/types\/post"}],"author":[{"embeddable":true,"href":"https:\/\/www.elgrillitosuena.com\/inicio\/wp-json\/wp\/v2\/users\/6"}],"replies":[{"embeddable":true,"href":"https:\/\/www.elgrillitosuena.com\/inicio\/wp-json\/wp\/v2\/comments?post=11000"}],"version-history":[{"count":1,"href":"https:\/\/www.elgrillitosuena.com\/inicio\/wp-json\/wp\/v2\/posts\/11000\/revisions"}],"predecessor-version":[{"id":11003,"href":"https:\/\/www.elgrillitosuena.com\/inicio\/wp-json\/wp\/v2\/posts\/11000\/revisions\/11003"}],"wp:featuredmedia":[{"embeddable":true,"href":"https:\/\/www.elgrillitosuena.com\/inicio\/wp-json\/wp\/v2\/media\/11001"}],"wp:attachment":[{"href":"https:\/\/www.elgrillitosuena.com\/inicio\/wp-json\/wp\/v2\/media?parent=11000"}],"wp:term":[{"taxonomy":"category","embeddable":true,"href":"https:\/\/www.elgrillitosuena.com\/inicio\/wp-json\/wp\/v2\/categories?post=11000"},{"taxonomy":"post_tag","embeddable":true,"href":"https:\/\/www.elgrillitosuena.com\/inicio\/wp-json\/wp\/v2\/tags?post=11000"}],"curies":[{"name":"wp","href":"https:\/\/api.w.org\/{rel}","templated":true}]}}