{"id":10823,"date":"2021-10-20T18:29:30","date_gmt":"2021-10-20T18:29:30","guid":{"rendered":"https:\/\/www.elgrillitosuena.com\/inicio\/?p=10823"},"modified":"2021-10-20T18:29:30","modified_gmt":"2021-10-20T18:29:30","slug":"continua-la-concientizacion-sobre-la-discapacidad","status":"publish","type":"post","link":"https:\/\/www.elgrillitosuena.com\/inicio\/noticias\/uruapan\/continua-la-concientizacion-sobre-la-discapacidad\/","title":{"rendered":"Contin\u00faa la concientizaci\u00f3n sobre la discapacidad"},"content":{"rendered":"<p><img decoding=\"async\" loading=\"lazy\" class=\"alignnone  wp-image-10824\" src=\"https:\/\/www.elgrillitosuena.com\/inicio\/wp-content\/uploads\/2021\/10\/WhatsApp-Image-2021-10-20-at-11.37.45-AM-300x225.jpeg\" alt=\"\" width=\"615\" height=\"461\" srcset=\"https:\/\/www.elgrillitosuena.com\/inicio\/wp-content\/uploads\/2021\/10\/WhatsApp-Image-2021-10-20-at-11.37.45-AM-300x225.jpeg 300w, https:\/\/www.elgrillitosuena.com\/inicio\/wp-content\/uploads\/2021\/10\/WhatsApp-Image-2021-10-20-at-11.37.45-AM-1024x768.jpeg 1024w, https:\/\/www.elgrillitosuena.com\/inicio\/wp-content\/uploads\/2021\/10\/WhatsApp-Image-2021-10-20-at-11.37.45-AM-768x576.jpeg 768w, https:\/\/www.elgrillitosuena.com\/inicio\/wp-content\/uploads\/2021\/10\/WhatsApp-Image-2021-10-20-at-11.37.45-AM.jpeg 1040w\" sizes=\"(max-width: 615px) 100vw, 615px\" \/><\/p>\n<p>Personal de la Secretar\u00eda de Pol\u00edtica de G\u00e9nero e Inclusi\u00f3n, contin\u00faa con la concientizaci\u00f3n sobre la movilidad de las personas con discapacidad llevando a varias dependencias municipales la din\u00e1mica \u201cSi ellos no se rinden nosotros tampoco&#8230; juntos creamos el bien\u201d.<\/p>\n<p><img decoding=\"async\" loading=\"lazy\" class=\"alignnone  wp-image-10825\" src=\"https:\/\/www.elgrillitosuena.com\/inicio\/wp-content\/uploads\/2021\/10\/WhatsApp-Image-2021-10-20-at-11.37.45-AM-1-300x225.jpeg\" alt=\"\" width=\"611\" height=\"458\" srcset=\"https:\/\/www.elgrillitosuena.com\/inicio\/wp-content\/uploads\/2021\/10\/WhatsApp-Image-2021-10-20-at-11.37.45-AM-1-300x225.jpeg 300w, https:\/\/www.elgrillitosuena.com\/inicio\/wp-content\/uploads\/2021\/10\/WhatsApp-Image-2021-10-20-at-11.37.45-AM-1-1024x768.jpeg 1024w, https:\/\/www.elgrillitosuena.com\/inicio\/wp-content\/uploads\/2021\/10\/WhatsApp-Image-2021-10-20-at-11.37.45-AM-1-768x576.jpeg 768w, https:\/\/www.elgrillitosuena.com\/inicio\/wp-content\/uploads\/2021\/10\/WhatsApp-Image-2021-10-20-at-11.37.45-AM-1.jpeg 1040w\" sizes=\"(max-width: 611px) 100vw, 611px\" \/><\/p>\n<p>Mar\u00eda Esperanza N\u00fa\u00f1ez Hurtado, directora de Inclusi\u00f3n de la dependencia citada, indic\u00f3 que adem\u00e1s se imparte el<br \/>\ntaller de concientizaci\u00f3n y empat\u00eda sobre discapacidad &#8220;viviendo la discapacidad&#8221; .<\/p>\n<p><img decoding=\"async\" loading=\"lazy\" class=\"alignnone  wp-image-10826\" src=\"https:\/\/www.elgrillitosuena.com\/inicio\/wp-content\/uploads\/2021\/10\/WhatsApp-Image-2021-10-20-at-11.37.45-AM-2-300x225.jpeg\" alt=\"\" width=\"609\" height=\"457\" srcset=\"https:\/\/www.elgrillitosuena.com\/inicio\/wp-content\/uploads\/2021\/10\/WhatsApp-Image-2021-10-20-at-11.37.45-AM-2-300x225.jpeg 300w, https:\/\/www.elgrillitosuena.com\/inicio\/wp-content\/uploads\/2021\/10\/WhatsApp-Image-2021-10-20-at-11.37.45-AM-2-1024x768.jpeg 1024w, https:\/\/www.elgrillitosuena.com\/inicio\/wp-content\/uploads\/2021\/10\/WhatsApp-Image-2021-10-20-at-11.37.45-AM-2-768x576.jpeg 768w, https:\/\/www.elgrillitosuena.com\/inicio\/wp-content\/uploads\/2021\/10\/WhatsApp-Image-2021-10-20-at-11.37.45-AM-2.jpeg 1040w\" sizes=\"(max-width: 609px) 100vw, 609px\" \/><\/p>\n<p>En esta ocasi\u00f3n se realiz\u00f3 la actividad con personal de la Secretar\u00eda de Bienestar y Pol\u00edtica Social, adem\u00e1s del parque nacional \u201cBarranca del Cupatitzio\u201d, con la finalidad visibilizar el tema, como parte de la pol\u00edtica de inclusi\u00f3n del presidente Ignacio Campos.<\/p>\n<p><img decoding=\"async\" loading=\"lazy\" class=\"alignnone  wp-image-10827\" src=\"https:\/\/www.elgrillitosuena.com\/inicio\/wp-content\/uploads\/2021\/10\/WhatsApp-Image-2021-10-20-at-11.37.45-AM-4-225x300.jpeg\" alt=\"\" width=\"421\" height=\"561\" srcset=\"https:\/\/www.elgrillitosuena.com\/inicio\/wp-content\/uploads\/2021\/10\/WhatsApp-Image-2021-10-20-at-11.37.45-AM-4-225x300.jpeg 225w, https:\/\/www.elgrillitosuena.com\/inicio\/wp-content\/uploads\/2021\/10\/WhatsApp-Image-2021-10-20-at-11.37.45-AM-4-768x1024.jpeg 768w, https:\/\/www.elgrillitosuena.com\/inicio\/wp-content\/uploads\/2021\/10\/WhatsApp-Image-2021-10-20-at-11.37.45-AM-4.jpeg 780w\" sizes=\"(max-width: 421px) 100vw, 421px\" \/><\/p>\n<p>Los participantes asumen la realidad de una persona con discapacidad, utilizando una silla de ruedas y posteriormente al caminar con los ojos vendados.<\/p>\n","protected":false},"excerpt":{"rendered":"<p>Personal de la Secretar\u00eda de Pol\u00edtica de G\u00e9nero e Inclusi\u00f3n, contin\u00faa con la concientizaci\u00f3n sobre la movilidad de las personas con discapacidad llevando a varias dependencias municipales la din\u00e1mica \u201cSi ellos no se rinden nosotros tampoco&#8230; juntos creamos el bien\u201d. Mar\u00eda Esperanza N\u00fa\u00f1ez Hurtado, directora de Inclusi\u00f3n de la dependencia citada, indic\u00f3 que adem\u00e1s se &hellip;<\/p>\n","protected":false},"author":6,"featured_media":10824,"comment_status":"open","ping_status":"closed","sticky":false,"template":"","format":"standard","meta":[],"categories":[37],"tags":[1588,367,3071],"_links":{"self":[{"href":"https:\/\/www.elgrillitosuena.com\/inicio\/wp-json\/wp\/v2\/posts\/10823"}],"collection":[{"href":"https:\/\/www.elgrillitosuena.com\/inicio\/wp-json\/wp\/v2\/posts"}],"about":[{"href":"https:\/\/www.elgrillitosuena.com\/inicio\/wp-json\/wp\/v2\/types\/post"}],"author":[{"embeddable":true,"href":"https:\/\/www.elgrillitosuena.com\/inicio\/wp-json\/wp\/v2\/users\/6"}],"replies":[{"embeddable":true,"href":"https:\/\/www.elgrillitosuena.com\/inicio\/wp-json\/wp\/v2\/comments?post=10823"}],"version-history":[{"count":1,"href":"https:\/\/www.elgrillitosuena.com\/inicio\/wp-json\/wp\/v2\/posts\/10823\/revisions"}],"predecessor-version":[{"id":10828,"href":"https:\/\/www.elgrillitosuena.com\/inicio\/wp-json\/wp\/v2\/posts\/10823\/revisions\/10828"}],"wp:featuredmedia":[{"embeddable":true,"href":"https:\/\/www.elgrillitosuena.com\/inicio\/wp-json\/wp\/v2\/media\/10824"}],"wp:attachment":[{"href":"https:\/\/www.elgrillitosuena.com\/inicio\/wp-json\/wp\/v2\/media?parent=10823"}],"wp:term":[{"taxonomy":"category","embeddable":true,"href":"https:\/\/www.elgrillitosuena.com\/inicio\/wp-json\/wp\/v2\/categories?post=10823"},{"taxonomy":"post_tag","embeddable":true,"href":"https:\/\/www.elgrillitosuena.com\/inicio\/wp-json\/wp\/v2\/tags?post=10823"}],"curies":[{"name":"wp","href":"https:\/\/api.w.org\/{rel}","templated":true}]}}