{"id":10597,"date":"2021-10-14T15:25:12","date_gmt":"2021-10-14T15:25:12","guid":{"rendered":"https:\/\/www.elgrillitosuena.com\/inicio\/?p=10597"},"modified":"2021-10-14T15:25:12","modified_gmt":"2021-10-14T15:25:12","slug":"se-ofrece-lopez-obrador-para-mediar-en-conflicto-sindical-de-dos-bocas","status":"publish","type":"post","link":"https:\/\/www.elgrillitosuena.com\/inicio\/noticias\/mexico\/se-ofrece-lopez-obrador-para-mediar-en-conflicto-sindical-de-dos-bocas\/","title":{"rendered":"Se ofrece L\u00f3pez Obrador para mediar en conflicto sindical de Dos Bocas"},"content":{"rendered":"<p><img decoding=\"async\" src=\"https:\/\/cdn2.excelsior.com.mx\/media\/styles\/image800x600\/public\/pictures\/2021\/10\/14\/2657237.jpg\" \/><\/p>\n<p>Al reiterar que el conflicto de ayer en la refiner\u00eda de Dos Bocas se trata de un \u201cpleito\u201d entre sindicatos, el presidente Andr\u00e9s Manuel L\u00f3pez Obrador los llam\u00f3 a que si quieren un dirigente que ayude, \u00e9l est\u00e1 a sus \u00f3rdenes.<\/p>\n<p>Este jueves el mandatario precis\u00f3 que el conflicto registrado ayer en Tabasco se trat\u00f3 de un conflicto entre los sindicatos del CTM y del Catem, los cuales buscan el control del contrato colectivo; aunque aclar\u00f3 que los empleados perciben su salario y prestaciones.<\/p>\n<p>\u201cTengo informaci\u00f3n que se les paga lo justo y prestaciones, pero esto es una disputa por el control del contrato, ojal\u00e1 los dirigentes de CTM y Catem nos ayuden\u201d, coment\u00f3.<\/p>\n<p>Adem\u00e1s L\u00f3pez Obrador llam\u00f3 a los trabajadores de la refiner\u00eda de Dos Bocas a no dejarse manipular por los l\u00edderes sindicales, por lo que incluso ofreci\u00f3 ayudar a resolver las diferencias.<\/p>\n<p>\u201cYo espero que lo de Dos Bocas sea algo aislado y pedir a los dirigentes que ayuden, y pedirle a los trabajadores que no se dejen manipular, que no se dejen utilizar, que si quieren un dirigente que les ayude, estoy a sus \u00f3rdenes\u201d, manifest\u00f3.<\/p>\n<p>Adem\u00e1s anunci\u00f3 que el 2 de julio inaugurar\u00e1 la refiner\u00eda de Dos Bocas, misma que llevar\u00e1 por nombre &#8220;Olmeca&#8221;.<\/p>\n<h3><strong>CONFLICTO EN DOS BOCAS<\/strong><\/h3>\n<p>Ayer Exc\u00e9lsior inform\u00f3 que trabajadores que construyen la\u00a0<strong>refiner\u00eda de Dos Bocas<\/strong>, en Tabasco, y que est\u00e1n en paro se enfrentaron a la Polic\u00eda Estatal que los repleg\u00f3 cuando intentaban ingresar al lugar, lo que caus\u00f3 lesiones en algunos de los obreros, pero no de gravedad, de acuerdo con la secretaria de Energ\u00eda,\u00a0<strong>Roc\u00edo Nahle<\/strong>.<\/p>\n<p>En entrevista afuera de Palacio Nacional, la funcionaria federal detall\u00f3 que tras estos hechos\u00a0<strong>hay tres personas detenidas<\/strong>\u00a0y dijo que la empresa<strong>\u00a0ICA Fluor present\u00f3 la denuncia<\/strong>\u00a0correspondiente.<\/p>\n<p>Nahle detall\u00f3 que\u00a0<strong>el problema es un grupo de 10 a 12 trabajadores<\/strong>\u00a0que, \u201ccon violencia, intentan tener alguna diferencia con el sindicato que est\u00e1 trabajando ah\u00ed\u201d. Reiter\u00f3 que, como lo dijo hoy en su conferencia ma\u00f1anera el presidente\u00a0<strong>Andr\u00e9s Manuel L\u00f3pez Obrador<\/strong>,\u00a0<strong>se trata de un pleito entre sindicatos<\/strong>.<\/p>\n<p>Con informaci\u00f3n de Exc\u00e9lsior<\/p>\n","protected":false},"excerpt":{"rendered":"<p>Al reiterar que el conflicto de ayer en la refiner\u00eda de Dos Bocas se trata de un \u201cpleito\u201d entre sindicatos, el presidente Andr\u00e9s Manuel L\u00f3pez Obrador los llam\u00f3 a que si quieren un dirigente que ayude, \u00e9l est\u00e1 a sus \u00f3rdenes. Este jueves el mandatario precis\u00f3 que el conflicto registrado ayer en Tabasco se trat\u00f3 &hellip;<\/p>\n","protected":false},"author":6,"featured_media":10598,"comment_status":"open","ping_status":"closed","sticky":false,"template":"","format":"standard","meta":[],"categories":[39],"tags":[98,2997,2995,1717,2996],"_links":{"self":[{"href":"https:\/\/www.elgrillitosuena.com\/inicio\/wp-json\/wp\/v2\/posts\/10597"}],"collection":[{"href":"https:\/\/www.elgrillitosuena.com\/inicio\/wp-json\/wp\/v2\/posts"}],"about":[{"href":"https:\/\/www.elgrillitosuena.com\/inicio\/wp-json\/wp\/v2\/types\/post"}],"author":[{"embeddable":true,"href":"https:\/\/www.elgrillitosuena.com\/inicio\/wp-json\/wp\/v2\/users\/6"}],"replies":[{"embeddable":true,"href":"https:\/\/www.elgrillitosuena.com\/inicio\/wp-json\/wp\/v2\/comments?post=10597"}],"version-history":[{"count":1,"href":"https:\/\/www.elgrillitosuena.com\/inicio\/wp-json\/wp\/v2\/posts\/10597\/revisions"}],"predecessor-version":[{"id":10599,"href":"https:\/\/www.elgrillitosuena.com\/inicio\/wp-json\/wp\/v2\/posts\/10597\/revisions\/10599"}],"wp:featuredmedia":[{"embeddable":true,"href":"https:\/\/www.elgrillitosuena.com\/inicio\/wp-json\/wp\/v2\/media\/10598"}],"wp:attachment":[{"href":"https:\/\/www.elgrillitosuena.com\/inicio\/wp-json\/wp\/v2\/media?parent=10597"}],"wp:term":[{"taxonomy":"category","embeddable":true,"href":"https:\/\/www.elgrillitosuena.com\/inicio\/wp-json\/wp\/v2\/categories?post=10597"},{"taxonomy":"post_tag","embeddable":true,"href":"https:\/\/www.elgrillitosuena.com\/inicio\/wp-json\/wp\/v2\/tags?post=10597"}],"curies":[{"name":"wp","href":"https:\/\/api.w.org\/{rel}","templated":true}]}}