{"id":10521,"date":"2021-10-12T19:11:28","date_gmt":"2021-10-12T19:11:28","guid":{"rendered":"https:\/\/www.elgrillitosuena.com\/inicio\/?p=10521"},"modified":"2021-10-12T19:11:28","modified_gmt":"2021-10-12T19:11:28","slug":"gobierno-municipal-trabaja-de-la-mano-con-canaco-servytur-para-impulsar-el-turismo-en-uruapan","status":"publish","type":"post","link":"https:\/\/www.elgrillitosuena.com\/inicio\/noticias\/uruapan\/gobierno-municipal-trabaja-de-la-mano-con-canaco-servytur-para-impulsar-el-turismo-en-uruapan\/","title":{"rendered":"Gobierno Municipal trabaja de la mano con Canaco Servytur para impulsar el Turismo en Uruapan"},"content":{"rendered":"<p><img decoding=\"async\" loading=\"lazy\" class=\"alignnone  wp-image-10522\" src=\"https:\/\/www.elgrillitosuena.com\/inicio\/wp-content\/uploads\/2021\/10\/WhatsApp-Image-2021-10-12-at-1.57.31-PM-300x168.jpeg\" alt=\"\" width=\"730\" height=\"409\" srcset=\"https:\/\/www.elgrillitosuena.com\/inicio\/wp-content\/uploads\/2021\/10\/WhatsApp-Image-2021-10-12-at-1.57.31-PM-300x168.jpeg 300w, https:\/\/www.elgrillitosuena.com\/inicio\/wp-content\/uploads\/2021\/10\/WhatsApp-Image-2021-10-12-at-1.57.31-PM-1024x574.jpeg 1024w, https:\/\/www.elgrillitosuena.com\/inicio\/wp-content\/uploads\/2021\/10\/WhatsApp-Image-2021-10-12-at-1.57.31-PM-768x430.jpeg 768w, https:\/\/www.elgrillitosuena.com\/inicio\/wp-content\/uploads\/2021\/10\/WhatsApp-Image-2021-10-12-at-1.57.31-PM.jpeg 1280w\" sizes=\"(max-width: 730px) 100vw, 730px\" \/><\/p>\n<p>Dentro de la octava sesi\u00f3n ordinaria de Consejo Directivo de la C\u00e1mara Nacional de Comercio, Servicios y Turismo de Uruapan (Canaco), la secretaria de Turismo y Cultura, Mar\u00eda Concepci\u00f3n Ram\u00edrez S\u00e1mano dio a conocer el programa cultural y art\u00edstico que se tiene contemplado para impulsar el turismo en la ciudad.<\/p>\n<p>Ante el presidente de la Canaco Servytur, Jos\u00e9 Carlos Ceballos King y empresarios agregados a la c\u00e1mara, la secretaria de Fomento Econ\u00f3mico, Eva Marlene Rodr\u00edguez mencion\u00f3 que es prioridad para el presidente Nacho Campos fomentar el desarrollo econ\u00f3mico, dando un mayor impulso al comercio, turismo y servicios.<br \/>\nPor ello, se trabaja en atracciones culturales y art\u00edsticas que coadyuven a posicionar a Uruapan, como uno de los principales destinos tur\u00edsticos del pa\u00eds.<\/p>\n<p><img decoding=\"async\" loading=\"lazy\" class=\"alignnone  wp-image-10523\" src=\"https:\/\/www.elgrillitosuena.com\/inicio\/wp-content\/uploads\/2021\/10\/WhatsApp-Image-2021-10-12-at-1.57.31-PM-1-300x194.jpeg\" alt=\"\" width=\"619\" height=\"400\" srcset=\"https:\/\/www.elgrillitosuena.com\/inicio\/wp-content\/uploads\/2021\/10\/WhatsApp-Image-2021-10-12-at-1.57.31-PM-1-300x194.jpeg 300w, https:\/\/www.elgrillitosuena.com\/inicio\/wp-content\/uploads\/2021\/10\/WhatsApp-Image-2021-10-12-at-1.57.31-PM-1-1024x661.jpeg 1024w, https:\/\/www.elgrillitosuena.com\/inicio\/wp-content\/uploads\/2021\/10\/WhatsApp-Image-2021-10-12-at-1.57.31-PM-1-768x496.jpeg 768w, https:\/\/www.elgrillitosuena.com\/inicio\/wp-content\/uploads\/2021\/10\/WhatsApp-Image-2021-10-12-at-1.57.31-PM-1.jpeg 1280w\" sizes=\"(max-width: 619px) 100vw, 619px\" \/><\/p>\n<p>Indic\u00f3 que este mes iniciaron con las Jornadas Culturales de Octubre, que dar\u00e1n paso a la reactivaci\u00f3n del Festival de Velas, que se vivir\u00e1 del 29 de octubre al 1 de noviembre con actividades culturales y art\u00edsticas alusivas al D\u00eda de Muertos, destacando el encendido de velas y la pasarela de \u201cReyna Catrina\u201d.<\/p>\n<p>Tambi\u00e9n destac\u00f3 que para fin de a\u00f1o se tiene contemplado la reactivaci\u00f3n del Festival Navide\u00f1o e iniciar los preparativos para el a\u00f1o que viene revivir en Uruapan el tradicional Tianguis Artesanal de Domingo de Ramos.<br \/>\nRam\u00edrez S\u00e1mano inform\u00f3 que el Gobierno del Bien se caracteriza por ser de puertas abiertas, por ello escuchar\u00e1n propuestas y estrategias de todos los sectores del municipio, para impulsar el desarrollo tur\u00edstico y econ\u00f3mico de Uruapan.<\/p>\n","protected":false},"excerpt":{"rendered":"<p>Dentro de la octava sesi\u00f3n ordinaria de Consejo Directivo de la C\u00e1mara Nacional de Comercio, Servicios y Turismo de Uruapan (Canaco), la secretaria de Turismo y Cultura, Mar\u00eda Concepci\u00f3n Ram\u00edrez S\u00e1mano dio a conocer el programa cultural y art\u00edstico que se tiene contemplado para impulsar el turismo en la ciudad. Ante el presidente de la &hellip;<\/p>\n","protected":false},"author":6,"featured_media":10522,"comment_status":"open","ping_status":"closed","sticky":false,"template":"","format":"standard","meta":[],"categories":[37],"tags":[2971,62,372,2972,1588],"_links":{"self":[{"href":"https:\/\/www.elgrillitosuena.com\/inicio\/wp-json\/wp\/v2\/posts\/10521"}],"collection":[{"href":"https:\/\/www.elgrillitosuena.com\/inicio\/wp-json\/wp\/v2\/posts"}],"about":[{"href":"https:\/\/www.elgrillitosuena.com\/inicio\/wp-json\/wp\/v2\/types\/post"}],"author":[{"embeddable":true,"href":"https:\/\/www.elgrillitosuena.com\/inicio\/wp-json\/wp\/v2\/users\/6"}],"replies":[{"embeddable":true,"href":"https:\/\/www.elgrillitosuena.com\/inicio\/wp-json\/wp\/v2\/comments?post=10521"}],"version-history":[{"count":1,"href":"https:\/\/www.elgrillitosuena.com\/inicio\/wp-json\/wp\/v2\/posts\/10521\/revisions"}],"predecessor-version":[{"id":10524,"href":"https:\/\/www.elgrillitosuena.com\/inicio\/wp-json\/wp\/v2\/posts\/10521\/revisions\/10524"}],"wp:featuredmedia":[{"embeddable":true,"href":"https:\/\/www.elgrillitosuena.com\/inicio\/wp-json\/wp\/v2\/media\/10522"}],"wp:attachment":[{"href":"https:\/\/www.elgrillitosuena.com\/inicio\/wp-json\/wp\/v2\/media?parent=10521"}],"wp:term":[{"taxonomy":"category","embeddable":true,"href":"https:\/\/www.elgrillitosuena.com\/inicio\/wp-json\/wp\/v2\/categories?post=10521"},{"taxonomy":"post_tag","embeddable":true,"href":"https:\/\/www.elgrillitosuena.com\/inicio\/wp-json\/wp\/v2\/tags?post=10521"}],"curies":[{"name":"wp","href":"https:\/\/api.w.org\/{rel}","templated":true}]}}