{"id":10502,"date":"2021-10-12T18:50:31","date_gmt":"2021-10-12T18:50:31","guid":{"rendered":"https:\/\/www.elgrillitosuena.com\/inicio\/?p=10502"},"modified":"2021-10-12T18:50:31","modified_gmt":"2021-10-12T18:50:31","slug":"evacuan-a-800-personas-mas-en-isla-de-la-palma-ante-avance-de-lava","status":"publish","type":"post","link":"https:\/\/www.elgrillitosuena.com\/inicio\/noticias\/mundo\/evacuan-a-800-personas-mas-en-isla-de-la-palma-ante-avance-de-lava\/","title":{"rendered":"Evacuan a 800 personas m\u00e1s en isla de La Palma ante avance de lava"},"content":{"rendered":"<p><img decoding=\"async\" src=\"https:\/\/cdn2.excelsior.com.mx\/media\/styles\/image800x600\/public\/pictures\/2021\/10\/12\/2656024.jpg\" \/><\/p>\n<p>Unos\u00a0<strong>800 habitantes<\/strong>\u00a0de la\u00a0<strong>isla espa\u00f1ola<\/strong>\u00a0de\u00a0<strong>La Palma<\/strong>\u00a0recibieron este martes la orden de\u00a0<strong>evacuar<\/strong>\u00a0sus domicilios ante el<strong>\u00a0avance<\/strong>\u00a0de la\u00a0<strong>lava<\/strong>\u00a0del\u00a0<strong>volc\u00e1n Cumbre Vieja<\/strong>, indicaron las autoridades locales.<\/p>\n<p>Los\u00a0<strong>servicios<\/strong>\u00a0de\u00a0<strong>emergencias<\/strong>\u00a0de las<strong>\u00a0islas Canarias<\/strong>\u00a0anunciaron en Twitter que emitieron una &#8220;<strong>orden<\/strong>\u00a0de\u00a0<strong>evacuaci\u00f3n<\/strong>\u00a0para varios n\u00facleos poblacionales&#8221; en la localidad de<strong>\u00a0Llanos de Aridan<\/strong>, &#8220;debido a la previsi\u00f3n de<strong>\u00a0avance<\/strong>\u00a0de la colada de\u00a0<strong>lava<\/strong>&#8220;.<\/p>\n<p>Hay entre 700 y 800 personas afectadas por esta evacuaci\u00f3n, precisaron los servicios de emergencias del archipi\u00e9lago canario, situado cerca de las costas del noroeste de \u00c1frica.<\/p>\n<p><span class=\"article-body-balloon\">Unas 3 mil personas fueron confinadas el lunes despu\u00e9s de que la lava del volc\u00e1n destruyera una parte de una f\u00e1brica de cemento y generara gases potencialmente t\u00f3xicos.<\/span><\/p>\n<p>Pero las autoridades levantaron el martes esta obligaci\u00f3n de quedarse en casa.<\/p>\n<p><img decoding=\"async\" src=\"https:\/\/cdn2.excelsior.com.mx\/media\/inside-the-note\/pictures\/2021\/10\/12\/2021-10-12t081922z_134900990_rc258q9tpamd_rtrmadp_3_spain-volcano_1.jpg\" \/><\/p>\n<p>El Cumbre Vieja, que entr\u00f3 en erupci\u00f3n el 19 de septiembre, no provoc\u00f3 v\u00edctimas mortales, pero caus\u00f3 grandes da\u00f1os en esta peque\u00f1a isla con 85 mil\u00a0habitantes.<\/p>\n<p>M\u00e1s de 6 mil de ellos debieron ser evacuados.<\/p>\n<p>Es la tercera erupci\u00f3n de un volc\u00e1n en La Palma en el \u00faltimo siglo, luego de la del San Juan en 1949 y la del Tenegu\u00eda en 1971, que dejaron en total tres muertos.<\/p>\n<div><img decoding=\"async\" src=\"https:\/\/cdn2.excelsior.com.mx\/media\/inside-the-note\/pictures\/2021\/10\/12\/2021-10-12t131425z_2139177761_rc2a8q94yc5j_rtrmadp_3_spain-volcano_1.jpg\" \/><\/div>\n<div>Con informaci\u00f3n de Exc\u00e9lsior<\/div>\n","protected":false},"excerpt":{"rendered":"<p>Unos\u00a0800 habitantes\u00a0de la\u00a0isla espa\u00f1ola\u00a0de\u00a0La Palma\u00a0recibieron este martes la orden de\u00a0evacuar\u00a0sus domicilios ante el\u00a0avance\u00a0de la\u00a0lava\u00a0del\u00a0volc\u00e1n Cumbre Vieja, indicaron las autoridades locales. Los\u00a0servicios\u00a0de\u00a0emergencias\u00a0de las\u00a0islas Canarias\u00a0anunciaron en Twitter que emitieron una &#8220;orden\u00a0de\u00a0evacuaci\u00f3n\u00a0para varios n\u00facleos poblacionales&#8221; en la localidad de\u00a0Llanos de Aridan, &#8220;debido a la previsi\u00f3n de\u00a0avance\u00a0de la colada de\u00a0lava&#8220;. Hay entre 700 y 800 personas afectadas por esta &hellip;<\/p>\n","protected":false},"author":6,"featured_media":10503,"comment_status":"open","ping_status":"closed","sticky":false,"template":"","format":"standard","meta":[],"categories":[40],"tags":[86,2457,1761],"_links":{"self":[{"href":"https:\/\/www.elgrillitosuena.com\/inicio\/wp-json\/wp\/v2\/posts\/10502"}],"collection":[{"href":"https:\/\/www.elgrillitosuena.com\/inicio\/wp-json\/wp\/v2\/posts"}],"about":[{"href":"https:\/\/www.elgrillitosuena.com\/inicio\/wp-json\/wp\/v2\/types\/post"}],"author":[{"embeddable":true,"href":"https:\/\/www.elgrillitosuena.com\/inicio\/wp-json\/wp\/v2\/users\/6"}],"replies":[{"embeddable":true,"href":"https:\/\/www.elgrillitosuena.com\/inicio\/wp-json\/wp\/v2\/comments?post=10502"}],"version-history":[{"count":1,"href":"https:\/\/www.elgrillitosuena.com\/inicio\/wp-json\/wp\/v2\/posts\/10502\/revisions"}],"predecessor-version":[{"id":10504,"href":"https:\/\/www.elgrillitosuena.com\/inicio\/wp-json\/wp\/v2\/posts\/10502\/revisions\/10504"}],"wp:featuredmedia":[{"embeddable":true,"href":"https:\/\/www.elgrillitosuena.com\/inicio\/wp-json\/wp\/v2\/media\/10503"}],"wp:attachment":[{"href":"https:\/\/www.elgrillitosuena.com\/inicio\/wp-json\/wp\/v2\/media?parent=10502"}],"wp:term":[{"taxonomy":"category","embeddable":true,"href":"https:\/\/www.elgrillitosuena.com\/inicio\/wp-json\/wp\/v2\/categories?post=10502"},{"taxonomy":"post_tag","embeddable":true,"href":"https:\/\/www.elgrillitosuena.com\/inicio\/wp-json\/wp\/v2\/tags?post=10502"}],"curies":[{"name":"wp","href":"https:\/\/api.w.org\/{rel}","templated":true}]}}