{"id":10440,"date":"2021-10-11T19:45:33","date_gmt":"2021-10-11T19:45:33","guid":{"rendered":"https:\/\/www.elgrillitosuena.com\/inicio\/?p=10440"},"modified":"2021-10-11T19:45:33","modified_gmt":"2021-10-11T19:45:33","slug":"continuan-los-talleres-de-educacion-ambiental","status":"publish","type":"post","link":"https:\/\/www.elgrillitosuena.com\/inicio\/noticias\/uruapan\/continuan-los-talleres-de-educacion-ambiental\/","title":{"rendered":"Contin\u00faan los talleres de educaci\u00f3n ambiental"},"content":{"rendered":"<p><img decoding=\"async\" loading=\"lazy\" class=\"alignnone  wp-image-10441\" src=\"https:\/\/www.elgrillitosuena.com\/inicio\/wp-content\/uploads\/2021\/10\/WhatsApp-Image-2021-10-11-at-2.35.55-PM-300x206.jpeg\" alt=\"\" width=\"636\" height=\"437\" srcset=\"https:\/\/www.elgrillitosuena.com\/inicio\/wp-content\/uploads\/2021\/10\/WhatsApp-Image-2021-10-11-at-2.35.55-PM-300x206.jpeg 300w, https:\/\/www.elgrillitosuena.com\/inicio\/wp-content\/uploads\/2021\/10\/WhatsApp-Image-2021-10-11-at-2.35.55-PM-1024x702.jpeg 1024w, https:\/\/www.elgrillitosuena.com\/inicio\/wp-content\/uploads\/2021\/10\/WhatsApp-Image-2021-10-11-at-2.35.55-PM-768x527.jpeg 768w, https:\/\/www.elgrillitosuena.com\/inicio\/wp-content\/uploads\/2021\/10\/WhatsApp-Image-2021-10-11-at-2.35.55-PM-1536x1053.jpeg 1536w, https:\/\/www.elgrillitosuena.com\/inicio\/wp-content\/uploads\/2021\/10\/WhatsApp-Image-2021-10-11-at-2.35.55-PM-110x75.jpeg 110w, https:\/\/www.elgrillitosuena.com\/inicio\/wp-content\/uploads\/2021\/10\/WhatsApp-Image-2021-10-11-at-2.35.55-PM.jpeg 1600w\" sizes=\"(max-width: 636px) 100vw, 636px\" \/><\/p>\n<p>Cumpliendo todos los protocolos de salud y bajo una modalidad h\u00edbrida, personal del parque nacional \u201cBarranca del Cupatitzio\u201d, llev\u00f3 su taller de educaci\u00f3n ambiental a los estudiantes de la escuela primaria 18 de Marzo, del barrio de Santo Santiago.<\/p>\n<p>Durante sesiones de una hora, la bi\u00f3loga Zaira Patricia P\u00e9rez L\u00f3pez, encargada del \u00e1rea de Educaci\u00f3n Ambiental del PN, desarrolla charlas y actividades l\u00fadicas, as\u00ed como de otros modelos de aprendizaje de acuerdo al grado de estudio de cada grupo de estudiantes.<\/p>\n<p><img decoding=\"async\" loading=\"lazy\" class=\"alignnone  wp-image-10442\" src=\"https:\/\/www.elgrillitosuena.com\/inicio\/wp-content\/uploads\/2021\/10\/WhatsApp-Image-2021-10-11-at-2.35.55-PM-2-300x194.jpeg\" alt=\"\" width=\"620\" height=\"401\" srcset=\"https:\/\/www.elgrillitosuena.com\/inicio\/wp-content\/uploads\/2021\/10\/WhatsApp-Image-2021-10-11-at-2.35.55-PM-2-300x194.jpeg 300w, https:\/\/www.elgrillitosuena.com\/inicio\/wp-content\/uploads\/2021\/10\/WhatsApp-Image-2021-10-11-at-2.35.55-PM-2-1024x662.jpeg 1024w, https:\/\/www.elgrillitosuena.com\/inicio\/wp-content\/uploads\/2021\/10\/WhatsApp-Image-2021-10-11-at-2.35.55-PM-2-768x496.jpeg 768w, https:\/\/www.elgrillitosuena.com\/inicio\/wp-content\/uploads\/2021\/10\/WhatsApp-Image-2021-10-11-at-2.35.55-PM-2-1536x993.jpeg 1536w, https:\/\/www.elgrillitosuena.com\/inicio\/wp-content\/uploads\/2021\/10\/WhatsApp-Image-2021-10-11-at-2.35.55-PM-2.jpeg 1600w\" sizes=\"(max-width: 620px) 100vw, 620px\" \/><\/p>\n<p>Aborda temas sobre lo que es una \u00e1rea natural protegida, su importancia y los servicios ambientales que nos brinda.<br \/>\nAcompa\u00f1ados de la directora del plantel, Ma. Guadalupe Reyes Acu\u00f1a, m\u00e1s de 200 alumnos conocieron la diversidad biol\u00f3gica del parque nacional, as\u00ed como las maneras de contribuir a su cuidado y conservaci\u00f3n.<\/p>\n<p><img decoding=\"async\" loading=\"lazy\" class=\"alignnone  wp-image-10443\" src=\"https:\/\/www.elgrillitosuena.com\/inicio\/wp-content\/uploads\/2021\/10\/WhatsApp-Image-2021-10-11-at-2.35.55-PM-1-300x191.jpeg\" alt=\"\" width=\"620\" height=\"395\" srcset=\"https:\/\/www.elgrillitosuena.com\/inicio\/wp-content\/uploads\/2021\/10\/WhatsApp-Image-2021-10-11-at-2.35.55-PM-1-300x191.jpeg 300w, https:\/\/www.elgrillitosuena.com\/inicio\/wp-content\/uploads\/2021\/10\/WhatsApp-Image-2021-10-11-at-2.35.55-PM-1-1024x653.jpeg 1024w, https:\/\/www.elgrillitosuena.com\/inicio\/wp-content\/uploads\/2021\/10\/WhatsApp-Image-2021-10-11-at-2.35.55-PM-1-768x490.jpeg 768w, https:\/\/www.elgrillitosuena.com\/inicio\/wp-content\/uploads\/2021\/10\/WhatsApp-Image-2021-10-11-at-2.35.55-PM-1-1536x980.jpeg 1536w, https:\/\/www.elgrillitosuena.com\/inicio\/wp-content\/uploads\/2021\/10\/WhatsApp-Image-2021-10-11-at-2.35.55-PM-1.jpeg 1600w\" sizes=\"(max-width: 620px) 100vw, 620px\" \/><\/p>\n<p>Eduardo Aguirre Sosa, administrador de esta \u00e1rea natural, inform\u00f3 que continuar\u00e1n trabajando en los centros educativos, priorizando el aprendizaje visual y creativo, para que los estudiantes de nivel b\u00e1sico, puedan entender con claridad la importancia y respeto por la naturaleza tal y como lo instruy\u00f3 el presidente municipal Ignacio Campos Equihua, para quien el tema ambiental es prioritario en sus pol\u00edticas p\u00fablicas.<\/p>\n","protected":false},"excerpt":{"rendered":"<p>Cumpliendo todos los protocolos de salud y bajo una modalidad h\u00edbrida, personal del parque nacional \u201cBarranca del Cupatitzio\u201d, llev\u00f3 su taller de educaci\u00f3n ambiental a los estudiantes de la escuela primaria 18 de Marzo, del barrio de Santo Santiago. Durante sesiones de una hora, la bi\u00f3loga Zaira Patricia P\u00e9rez L\u00f3pez, encargada del \u00e1rea de Educaci\u00f3n &hellip;<\/p>\n","protected":false},"author":6,"featured_media":10441,"comment_status":"open","ping_status":"closed","sticky":false,"template":"","format":"standard","meta":[],"categories":[37],"tags":[2944,441,2943],"_links":{"self":[{"href":"https:\/\/www.elgrillitosuena.com\/inicio\/wp-json\/wp\/v2\/posts\/10440"}],"collection":[{"href":"https:\/\/www.elgrillitosuena.com\/inicio\/wp-json\/wp\/v2\/posts"}],"about":[{"href":"https:\/\/www.elgrillitosuena.com\/inicio\/wp-json\/wp\/v2\/types\/post"}],"author":[{"embeddable":true,"href":"https:\/\/www.elgrillitosuena.com\/inicio\/wp-json\/wp\/v2\/users\/6"}],"replies":[{"embeddable":true,"href":"https:\/\/www.elgrillitosuena.com\/inicio\/wp-json\/wp\/v2\/comments?post=10440"}],"version-history":[{"count":1,"href":"https:\/\/www.elgrillitosuena.com\/inicio\/wp-json\/wp\/v2\/posts\/10440\/revisions"}],"predecessor-version":[{"id":10444,"href":"https:\/\/www.elgrillitosuena.com\/inicio\/wp-json\/wp\/v2\/posts\/10440\/revisions\/10444"}],"wp:featuredmedia":[{"embeddable":true,"href":"https:\/\/www.elgrillitosuena.com\/inicio\/wp-json\/wp\/v2\/media\/10441"}],"wp:attachment":[{"href":"https:\/\/www.elgrillitosuena.com\/inicio\/wp-json\/wp\/v2\/media?parent=10440"}],"wp:term":[{"taxonomy":"category","embeddable":true,"href":"https:\/\/www.elgrillitosuena.com\/inicio\/wp-json\/wp\/v2\/categories?post=10440"},{"taxonomy":"post_tag","embeddable":true,"href":"https:\/\/www.elgrillitosuena.com\/inicio\/wp-json\/wp\/v2\/tags?post=10440"}],"curies":[{"name":"wp","href":"https:\/\/api.w.org\/{rel}","templated":true}]}}