{"id":10428,"date":"2021-10-11T18:47:22","date_gmt":"2021-10-11T18:47:22","guid":{"rendered":"https:\/\/www.elgrillitosuena.com\/inicio\/?p=10428"},"modified":"2021-10-11T18:47:22","modified_gmt":"2021-10-11T18:47:22","slug":"oms-recomienda-aplicar-tercera-dosis-de-vacuna-contra-covid-a-grupos-de-riesgo","status":"publish","type":"post","link":"https:\/\/www.elgrillitosuena.com\/inicio\/noticias\/mundo\/oms-recomienda-aplicar-tercera-dosis-de-vacuna-contra-covid-a-grupos-de-riesgo\/","title":{"rendered":"OMS recomienda aplicar tercera dosis de vacuna contra COVID a grupos de riesgo"},"content":{"rendered":"<p><img decoding=\"async\" src=\"https:\/\/www.radioformula.com.mx\/wp-content\/uploads\/2021\/10\/tercera-dosis-vacuna-covid19-recomendada-oms-780x470.jpg\" alt=\"OMS recomienda tercera dosis de vacuna COVID-19 a grupos de riesgo\" \/><\/p>\n<p>La Organizaci\u00f3n Mundial de la Salud (<strong>OMS<\/strong>) recomend\u00f3 que a las personas que pertenezcan a los\u00a0<strong>grupos en riesgo<\/strong>\u00a0ante el virus SARS-CoV-2 reciban una\u00a0<strong>tercera dosis<\/strong>\u00a0adicional de la\u00a0<strong>vacuna COVID-19.<\/strong><\/p>\n<p>El presidente del Grupo Asesor Estrat\u00e9gico de Expertos de la OMS (<strong>SAGE<\/strong>) dio a conocer dicho anuncio tras la reuni\u00f3n mantenida la semana pasada por este \u00f3rgano, en la que se analizaron las\u00a0<strong>estrategias de vacunaci\u00f3n<\/strong>\u00a0contra la COVID-19 y otras enfermedades, como la malaria o la polio.<\/p>\n<p>Los expertos tambi\u00e9n recomendaron que la comunidad internacional se fije el objetivo de vacunar al 70 por ciento de la poblaci\u00f3n mundial contra la COVID-19 a mediados de 2022.<\/p>\n<p>\u201cEs un porcentaje mucho mayor del que pens\u00e1bamos antes, pero dado el desarrollo de la\u00a0<strong>pandemia<\/strong>\u00a0y la disponibilidad de nuevas vacunas para grupos de edad m\u00e1s j\u00f3venes, es un objetivo posible\u201d, subray\u00f3 el presidente de SAGE.<\/p>\n<p>Sobre la tercera dosis -o segunda en el caso de la vacuna monodosis de Johnson &amp; Johnson-, en principio debe administrarse a personas con un \u201c<strong>sistema inmunol\u00f3gico grave<\/strong>\u00a0o moderadamente comprometido\u201d, subray\u00f3 Cravioto en rueda de prensa.<\/p>\n<p>El experto mexicano aclar\u00f3 que esta recomendaci\u00f3n se aplica a todas las vacunas que la OMS ha aprobado para su uso de emergencia contra la COVID-19:\u00a0<strong>Pfizer-BioNTech<\/strong>, Moderna,\u00a0<strong>AstraZeneca,<\/strong>\u00a0Johnson &amp; Johnson, Sinopharm y\u00a0<strong>Sinovac.<\/strong><\/p>\n<p>Cabe mencionar que la luz verde a una tercera dosis, limitada a ciertos colectivos, se produce despu\u00e9s de que en agosto la OMS pidiera no administrar dosis de refuerzo hasta finales de septiembre dada la persistente desigualdad en la distribuci\u00f3n de vacunas anticovid, un plazo que extendi\u00f3, semanas despu\u00e9s, hasta enero de 2022.<\/p>\n<p>Con informaci\u00f3n de Radio F\u00f3rmula<\/p>\n","protected":false},"excerpt":{"rendered":"<p>La Organizaci\u00f3n Mundial de la Salud (OMS) recomend\u00f3 que a las personas que pertenezcan a los\u00a0grupos en riesgo\u00a0ante el virus SARS-CoV-2 reciban una\u00a0tercera dosis\u00a0adicional de la\u00a0vacuna COVID-19. El presidente del Grupo Asesor Estrat\u00e9gico de Expertos de la OMS (SAGE) dio a conocer dicho anuncio tras la reuni\u00f3n mantenida la semana pasada por este \u00f3rgano, en &hellip;<\/p>\n","protected":false},"author":6,"featured_media":10429,"comment_status":"open","ping_status":"closed","sticky":false,"template":"","format":"standard","meta":[],"categories":[40],"tags":[2812,2936,635,2260],"_links":{"self":[{"href":"https:\/\/www.elgrillitosuena.com\/inicio\/wp-json\/wp\/v2\/posts\/10428"}],"collection":[{"href":"https:\/\/www.elgrillitosuena.com\/inicio\/wp-json\/wp\/v2\/posts"}],"about":[{"href":"https:\/\/www.elgrillitosuena.com\/inicio\/wp-json\/wp\/v2\/types\/post"}],"author":[{"embeddable":true,"href":"https:\/\/www.elgrillitosuena.com\/inicio\/wp-json\/wp\/v2\/users\/6"}],"replies":[{"embeddable":true,"href":"https:\/\/www.elgrillitosuena.com\/inicio\/wp-json\/wp\/v2\/comments?post=10428"}],"version-history":[{"count":1,"href":"https:\/\/www.elgrillitosuena.com\/inicio\/wp-json\/wp\/v2\/posts\/10428\/revisions"}],"predecessor-version":[{"id":10430,"href":"https:\/\/www.elgrillitosuena.com\/inicio\/wp-json\/wp\/v2\/posts\/10428\/revisions\/10430"}],"wp:featuredmedia":[{"embeddable":true,"href":"https:\/\/www.elgrillitosuena.com\/inicio\/wp-json\/wp\/v2\/media\/10429"}],"wp:attachment":[{"href":"https:\/\/www.elgrillitosuena.com\/inicio\/wp-json\/wp\/v2\/media?parent=10428"}],"wp:term":[{"taxonomy":"category","embeddable":true,"href":"https:\/\/www.elgrillitosuena.com\/inicio\/wp-json\/wp\/v2\/categories?post=10428"},{"taxonomy":"post_tag","embeddable":true,"href":"https:\/\/www.elgrillitosuena.com\/inicio\/wp-json\/wp\/v2\/tags?post=10428"}],"curies":[{"name":"wp","href":"https:\/\/api.w.org\/{rel}","templated":true}]}}