{"id":10364,"date":"2021-10-08T19:57:22","date_gmt":"2021-10-08T19:57:22","guid":{"rendered":"https:\/\/www.elgrillitosuena.com\/inicio\/?p=10364"},"modified":"2021-10-08T19:57:22","modified_gmt":"2021-10-08T19:57:22","slug":"arranca-la-feria-internacional-del-libro-en-el-zocalo-conoce-sus-horarios-y-actividades","status":"publish","type":"post","link":"https:\/\/www.elgrillitosuena.com\/inicio\/noticias\/cultura\/arranca-la-feria-internacional-del-libro-en-el-zocalo-conoce-sus-horarios-y-actividades\/","title":{"rendered":"Arranca la Feria Internacional del Libro en el Z\u00f3calo; conoce sus horarios y actividades"},"content":{"rendered":"<p><img decoding=\"async\" src=\"https:\/\/heraldodemexico.com.mx\/u\/fotografias\/m\/2021\/10\/8\/f960x540-429645_503720_0.jpg\" alt=\"Adem\u00e1s de presentaciones de libros, durante la feria se montar\u00e1n obras teatrales basadas en libros cl\u00e1sicos de la literatura. Foto: Cuartoscuro\" \/><\/p>\n<p>La\u00a0<strong>Feria Internacional del Libro<\/strong>\u00a0(<strong>FIL<\/strong>) del\u00a0<strong>Z\u00f3calo<\/strong>\u00a0ser\u00e1 presencial en su edici\u00f3n\u00a0<strong>n\u00famero 21<\/strong>, la cual comenz\u00f3 hoy\u00a0<strong>8 de octubre<\/strong>\u00a0a partir de las\u00a0<strong>11:00 a.m<\/strong>. y estar\u00e1 hasta el\u00a0<strong>17 de octubre<\/strong>, luego de ser realizada de forma virtual en\u00a0<strong>2020\u00a0<\/strong>debido a la pandemia de\u00a0<strong>Covid-19<\/strong>.<\/p>\n<p>Este a\u00f1o la\u00a0<strong>FIL\u00a0<\/strong>estar\u00e1 dedicada a la memoria de cuatro autores que recientemente fallecieron, los cuales son:\u00a0<strong>Antonio Helguera, Francisco G. Haghenbeck, Enrique Gonz\u00e1lez Rojo y Jacinto Barrera Bassols<\/strong>. Como parte del homenaje, entre los asistentes se repartir\u00e1n<strong>\u00a09 mil ejemplares gratuitos\u00a0<\/strong>de libros con su obra.<\/p>\n<p>La\u00a0<strong>Plaza de la Constituci\u00f3n<\/strong>\u00a0ser\u00e1 la sede de\u00a0la\u00a0<strong>Feria Internacional del Libro<\/strong>\u00a0durante los pr\u00f3ximos\u00a0<strong>10 d\u00edas<\/strong>, en la cual se instalar\u00e1n\u00a0<strong>292 stands<\/strong>\u00a0con unas\u00a0<strong>340 editoriales<\/strong>, entre las cuales, est\u00e1n consideradas cerca de\u00a0<strong>117 independientes<\/strong>. Asimismo, se contar\u00e1\u00a0con casi un mill\u00f3n de libros con\u00a0<strong>120 mil t\u00edtulos<\/strong>\u00a0diferentes que estar\u00e1n a la venta para todo el p\u00fablico capitalino.<\/p>\n<p><img decoding=\"async\" src=\"https:\/\/heraldodemexico.com.mx\/u\/fotografias\/m\/2021\/10\/8\/f768x1-429609_429736_0.jpg\" \/><\/p>\n<h2>Actividades gratuitas<\/h2>\n<p>En d\u00edas pasado se llev\u00f3 a cabo la presentaci\u00f3n de la edici\u00f3n n\u00famero 21 de la Feria del Libro, durante el evento estuvo presente\u00a0<strong>Vannesa Boh\u00f3rquez L\u00f3pez<\/strong>, secretaria de\u00a0<strong>Cultura\u00a0<\/strong>de la\u00a0<strong>CDMX<\/strong>, quien explic\u00f3 que durante los d\u00edas que se lleve a cabo la feria, esta contar\u00e1 con m\u00e1s de\u00a0<strong>200 actividades<\/strong>\u00a0programadas, las cuales ser\u00e1n\u00a0<strong>completamente gratuitas<\/strong>\u00a0para que puedan ser disfrutadas por las\u00a0<strong>familias capitalinas<\/strong>.<\/p>\n<p><img decoding=\"async\" src=\"https:\/\/heraldodemexico.com.mx\/u\/fotografias\/m\/2021\/10\/8\/f768x1-429614_429741_0.jpg\" \/><\/p>\n<p>Entre las actividades que se llevar\u00e1n a cabo habr\u00e1\u00a0<strong>conferencias<\/strong>,\u00a0<strong>charlas<\/strong>,\u00a0<strong>conciertos<\/strong>,\u00a0<strong>debates\u00a0<\/strong>y\u00a0<strong>presentaciones editoriales<\/strong>. Como cada a\u00f1o, esta convocatoria ha invitado a diferentes\u00a0<strong>casas editoriales<\/strong>,\u00a0<strong>distribuidores\u00a0<\/strong>y\u00a0<strong>librer\u00edas\u00a0<\/strong>a participar como expositores y de promoci\u00f3n de libros junto con escritores\u00a0<strong>nacionales\u00a0<\/strong>e\u00a0<strong>internacionales<\/strong>.<\/p>\n<p>Por su parte,\u00a0<strong>Paloma S\u00e1iz Tejero<\/strong>, coordinadora de la\u00a0<strong>FIL Z\u00f3calo XXI<\/strong>\u00a0coment\u00f3 que a diferencia de las otras ferias, en esta ocasi\u00f3n los precios ser\u00e1n m\u00e1s accesibles y la entrada ser\u00e1 gratuita. De igual manera, se tiene previsto que para los \u00faltimos d\u00edas de la feria, se lleve a cabo un &#8220;gigantesco remate de libros&#8221;.<\/p>\n<p><img decoding=\"async\" src=\"https:\/\/heraldodemexico.com.mx\/u\/fotografias\/m\/2021\/10\/8\/f768x1-429626_429753_5050.jpg\" \/><\/p>\n<h2>\u00bfQu\u00e9 hacer en la FIL?<\/h2>\n<p>Adem\u00e1s de\u00a0<strong>presentaciones de libros<\/strong>, durante la feria se montar\u00e1n\u00a0<strong>obras teatrales<\/strong>\u00a0basadas en\u00a0<strong>libros cl\u00e1sicos<\/strong>\u00a0de la literatura universal. Asimismo se anunci\u00f3 que habr\u00e1\u00a0una\u00a0<strong>venta nocturna,<\/strong>\u00a0la cual contar\u00e1 con\u00a0<strong>grandes descuentos<\/strong>.<\/p>\n<p>Asimismo, este a\u00f1o se creo un\u00a0<strong>\u00c1rea de Ni\u00f1os,\u00a0<\/strong>donde se realizar\u00e1n actividades y talleres juveniles de teatro, dibujo, computaci\u00f3n, encuadernaci\u00f3n y cuentacuentos. \u00a0De igual manera dicha \u00e1rea se adaptar\u00e1 para evitar que los menores corran alg\u00fan riesgo de contagio dentro del evento.<\/p>\n<p>Es importante se\u00f1alar que durante la\u00a0<strong>Feria Internacional del Libro<\/strong>\u00a0se tomar\u00e1n las medidas necesarias para evitar la propagaci\u00f3n y contagio de Covid-19. Como la distribuci\u00f3n de\u00a0<strong>gel antibacterial<\/strong>\u00a0y\u00a0<strong>cubrebocas<\/strong>; adem\u00e1s, todas las actividades ser\u00e1n al aire libre.<\/p>\n<h2>\u00bfCuales ser\u00e1n los eventos?<\/h2>\n<p>El programa completo de actividades puede ser consultado en la p\u00e1gina de la\u00a0<strong>FIL Z\u00f3calo<\/strong>\u00a0y ser\u00e1n transmitidas adem\u00e1s en sus\u00a0<strong>redes sociales<\/strong>, as\u00ed como el\u00a0<strong>Canal 21<\/strong>\u00a0del\u00a0<strong>Gobierno capitalino<\/strong>. Las actividades comienzan a las\u00a0<strong>10:00 horas<\/strong>\u00a0y terminan a las\u00a0<strong>21:00 horas<\/strong>.<\/p>\n<p>Como dijimos antes, todas las actividades ser\u00e1n gratuitas y hay mucho de donde escoger, es por ello que aqu\u00ed te dejamos algunas recomendaciones de los eventos a los que puedes llegar.<\/p>\n<p><strong>Viernes 8<\/strong><\/p>\n<p>19:00: Inauguraci\u00f3n y homenaje a\u00a0<strong>Antonio Helguera<\/strong>\u00a0*Obsequio de libros.\u00a0<strong>Foro Antonio Helguera<\/strong>.<\/p>\n<p><strong>S\u00e1bado 9<\/strong><\/p>\n<p>17:30\u00a0Conferencia\u00a0<strong>\u201cLas rastreadoras\u201d<\/strong>. Participan:\u00a0<strong>Dulcina Parra<\/strong>\u00a0(Sinaloa),\u00a0<strong>Ang\u00e9lica Orozco Mart\u00ednez<\/strong>\u00a0(Monterrey),\u00a0<strong>Mirna Medina<\/strong>\u00a0(Sinaloa) y\u00a0<strong>Bibiana Efigenia Mendoza Negrete<\/strong>\u00a0(Guanajuato). Foro\u00a0<strong>Antonio Helguera<\/strong>.<\/p>\n<p>14:00:\u00a0<strong>Homenaje a Francisco G. Haghenbeck<\/strong>\u00a0*Obsequio de libros.\u00a0Foro\u00a0<strong>Francisco G. Haghenbeck<\/strong>.<\/p>\n<p>16:30:\u00a0<strong>Homenaje a Enrique Gonz\u00e1lez Rojo<\/strong>\u00a0*Obsequio de libros.\u00a0Foro\u00a0<strong>Enrique Gonz\u00e1lez Rojo<\/strong>.<\/p>\n<p>17:00:\u00a0Charlando con\u00a0<strong>\u00d3scar de la Borbolla<\/strong>. Foro\u00a0<strong>Francisco G. Haghenbeck<\/strong><\/p>\n<p><strong>Domingo 10<\/strong><\/p>\n<p>17:30:\u00a0<strong>Charla \u201cPor el derecho a decidir\u201d<\/strong>. Participan:\u00a0<strong>Ana Paola Lara<\/strong>,\u00a0<strong>Ingrid G\u00f3mez<\/strong>\u00a0y\u00a0<strong>Nadine Gasman<\/strong>. Foro\u00a0<strong>Antonio Helguera<\/strong>.<\/p>\n<p>14:00:\u00a0<strong>Homenaje a Jacinto Barrera Bassols<\/strong>\u00a0*Obsequio de libros.\u00a0<strong>\u201cEl bardo y el bandolero\u201d<\/strong>, de\u00a0<strong>Jacinto Barrera Bassols<\/strong>.<\/p>\n<p>Foro:\u00a0<strong>Francisco G. Haghenbeck<\/strong>.<\/p>\n<p><strong>Martes 12<\/strong><\/p>\n<p>17:30\u00a0Presentaci\u00f3n del libro\u00a0<strong>\u201cLa tierra de la gran promesa\u201d<\/strong>, de\u00a0<strong>Juan Villoro<\/strong>.<\/p>\n<p>Foro:\u00a0\u00a0<strong>Antonio Helguera<\/strong>.<\/p>\n<p><strong>Mi\u00e9rcoles 13<\/strong><\/p>\n<p>11:30:\u00a0Concierto po\u00e9tico\u00a0<strong>\u201cLas palabras cantan\u201d<\/strong>\u00a0de\u00a0<strong>Fernando Rivera Calder\u00f3n<\/strong>. Foro:\u00a0<strong>Antonio Helguera<\/strong>.<\/p>\n<p><strong>Jueves 14<\/strong><\/p>\n<p>16:00:\u00a0Debate\u00a0<strong>\u201cDe v\u00edctimas a defensoras de Derechos Humanos\u201d<\/strong>.<\/p>\n<p>Participan:\u00a0<strong>Yesenia Zamudio Sol\u00f3rzano<\/strong>,\u00a0<strong>Kenya Cuevas<\/strong>,\u00a0<strong>Ivonne \u00c1lvarez Gil<\/strong>\u00a0(Guerrero) y\u00a0<strong>Angelina Almeida Moreno<\/strong>\u00a0(Reynosa). Foro: Antonio Helguera.<\/p>\n<p><strong>S\u00e1bado 16<\/strong><\/p>\n<p>14:30:\u00a0Charla<strong>\u00a0\u201cLectoras-escritoras\u201d<\/strong>.<\/p>\n<p>Participan:\u00a0<strong>Laura Esquivel<\/strong>,\u00a0<strong>Rosa Montero<\/strong>\u00a0(Espa\u00f1a),\u00a0<strong>Claudia Pi\u00f1eiro<\/strong>\u00a0(Argentina),\u00a0<strong>Mayra Santos-Febres<\/strong>\u00a0(Puerto Rico) y\u00a0<strong>Elena Poniatowska<\/strong>.<\/p>\n<p>Foro:\u00a0<strong>Antonio Helguera<\/strong>.<\/p>\n<p><strong>Domingo 17<\/strong><\/p>\n<p>11:00: Concierto de flauta de\u00a0<strong>Horacio Franco<\/strong>.<\/p>\n<p>Foro:\u00a0<strong>Francisco G. Haghenbeck<\/strong>.<\/p>\n<p>19:00:\u00a0<strong>Clausura\u00a0<\/strong>por\u00a0<strong>Claudia Sheinbaum Pardo<\/strong>, jefa de\u00a0<strong>Gobierno de la Ciudad de M\u00e9xico<\/strong>.<\/p>\n<p>Foro:\u00a0<strong>Antonio Helguera<\/strong><\/p>\n<p>La Edici\u00f3n n\u00famero\u00a0<strong>XXI\u00a0<\/strong>de\u00a0<strong>La Feria Internacional del Libro<\/strong>\u00a0estar\u00e1 instalada en la plancha del\u00a0<strong>Z\u00f3calo Capitalino<\/strong>\u00a0de la\u00a0<strong>Ciudad de M\u00e9xico<\/strong>\u00a0a partir del\u00a0<strong>8 de octubre<\/strong>\u00a0hasta el\u00a0<strong>17 de octubre<\/strong>\u00a0del 2021.<\/p>\n<p>Con informaci\u00f3n de el Heraldo de M\u00e9xico<\/p>\n","protected":false},"excerpt":{"rendered":"<p>La\u00a0Feria Internacional del Libro\u00a0(FIL) del\u00a0Z\u00f3calo\u00a0ser\u00e1 presencial en su edici\u00f3n\u00a0n\u00famero 21, la cual comenz\u00f3 hoy\u00a08 de octubre\u00a0a partir de las\u00a011:00 a.m. y estar\u00e1 hasta el\u00a017 de octubre, luego de ser realizada de forma virtual en\u00a02020\u00a0debido a la pandemia de\u00a0Covid-19. Este a\u00f1o la\u00a0FIL\u00a0estar\u00e1 dedicada a la memoria de cuatro autores que recientemente fallecieron, los cuales son:\u00a0Antonio Helguera, &hellip;<\/p>\n","protected":false},"author":6,"featured_media":10365,"comment_status":"open","ping_status":"closed","sticky":false,"template":"","format":"standard","meta":[],"categories":[43],"tags":[74,1201,2556],"_links":{"self":[{"href":"https:\/\/www.elgrillitosuena.com\/inicio\/wp-json\/wp\/v2\/posts\/10364"}],"collection":[{"href":"https:\/\/www.elgrillitosuena.com\/inicio\/wp-json\/wp\/v2\/posts"}],"about":[{"href":"https:\/\/www.elgrillitosuena.com\/inicio\/wp-json\/wp\/v2\/types\/post"}],"author":[{"embeddable":true,"href":"https:\/\/www.elgrillitosuena.com\/inicio\/wp-json\/wp\/v2\/users\/6"}],"replies":[{"embeddable":true,"href":"https:\/\/www.elgrillitosuena.com\/inicio\/wp-json\/wp\/v2\/comments?post=10364"}],"version-history":[{"count":1,"href":"https:\/\/www.elgrillitosuena.com\/inicio\/wp-json\/wp\/v2\/posts\/10364\/revisions"}],"predecessor-version":[{"id":10366,"href":"https:\/\/www.elgrillitosuena.com\/inicio\/wp-json\/wp\/v2\/posts\/10364\/revisions\/10366"}],"wp:featuredmedia":[{"embeddable":true,"href":"https:\/\/www.elgrillitosuena.com\/inicio\/wp-json\/wp\/v2\/media\/10365"}],"wp:attachment":[{"href":"https:\/\/www.elgrillitosuena.com\/inicio\/wp-json\/wp\/v2\/media?parent=10364"}],"wp:term":[{"taxonomy":"category","embeddable":true,"href":"https:\/\/www.elgrillitosuena.com\/inicio\/wp-json\/wp\/v2\/categories?post=10364"},{"taxonomy":"post_tag","embeddable":true,"href":"https:\/\/www.elgrillitosuena.com\/inicio\/wp-json\/wp\/v2\/tags?post=10364"}],"curies":[{"name":"wp","href":"https:\/\/api.w.org\/{rel}","templated":true}]}}