{"id":10210,"date":"2021-10-06T16:40:39","date_gmt":"2021-10-06T16:40:39","guid":{"rendered":"https:\/\/www.elgrillitosuena.com\/inicio\/?p=10210"},"modified":"2021-10-06T16:40:39","modified_gmt":"2021-10-06T16:40:39","slug":"raul-jimenez-entrena-como-primerizo","status":"publish","type":"post","link":"https:\/\/www.elgrillitosuena.com\/inicio\/noticias\/deportes\/raul-jimenez-entrena-como-primerizo\/","title":{"rendered":"Ra\u00fal Jim\u00e9nez entrena como primerizo"},"content":{"rendered":"<p><img decoding=\"async\" src=\"https:\/\/cdn2.excelsior.com.mx\/media\/styles\/grande\/public\/pictures\/2021\/10\/06\/2653010.jpg\" alt=\"Ra\u00fal Jim\u00e9nez, con efusividad tom\u00f3 su vuelta a la Selecci\u00f3n Mexicana, a la que arriba como la estrella a seguir. Foto: Twitter @miseleccionmx\" \/><\/p>\n<p class=\"letter-capitular\"><strong>R<\/strong>a\u00fal Jim\u00e9nez est\u00e1 de vuelta con la Selecci\u00f3n Mexicana tras sufrir una fractura de cr\u00e1neo y batallar para que su equipo ,el Wolverhampton, diera el permiso para viajar con los problemas de pandemia covid que existen.<\/p>\n<p>La \u00faltima vez que estuvo en un juego de la selecci\u00f3n\u00a0\u00a0 fue el 17 de noviembre de 2020 cuando en un amistoso le anot\u00f3 a Jap\u00f3n. 12 d\u00edas despu\u00e9s, un choque de cabezas con David Luiz le causar\u00eda una fractura de cr\u00e1neo que puso en vilo su carrera.<\/p>\n<blockquote><p>Ha pasado casi un a\u00f1o de la \u00faltima Fecha FIFA en que estuve, es algo muy padre volver y estar de nuevo con ellos\u201d.<\/p><\/blockquote>\n<p>Jim\u00e9nez expres\u00f3 para TUDN que este llamado es como empezar de nuevo, \u201ces como si fuera la primera vez que vengo\u201d.<\/p>\n<p>El delantero del Wolverhampton ingl\u00e9s, que tuvo algunos llamados morales, es decir, para convivir con los compa\u00f1eros m\u00e1s no para jugar, asegur\u00f3 que desde fuera, ve\u00eda a un equipo s\u00f3lido y con delanteros capacitados para resolver los partidos.<\/p>\n<blockquote><p>Hay buenos jugadores con los que se pudieron hacer bien las cosas. Tal vez han sido un poco injustos porque sin siquiera verlos jugar, sin darles la oportunidad, se empieza a criticar a los que estaban\u201d.<\/p><\/blockquote>\n<p>Jim\u00e9nez junto a Hirving Chucky Lozano son las estrellas de la Selecci\u00f3n Mexicana, que partir\u00e1 escaramuzas en la eliminatoria ma\u00f1ana cuando reciban a Canad\u00e1.<\/p>\n<p>Precisamente, el Tri entren\u00f3 en las instalaciones del Centro de Alto Rendimiento con las \u00faltimas incorporaciones de Andr\u00e9s Guardado e Hirving Lozano, con lo que Gerardo Martino tuvo equpo completo para plantear los siguientes juegos.<\/p>\n<p>Todo apunta a que Martino, obsesionado con el rendimiento de Ra\u00fal Jim\u00e9nez, lo ocupe de titular contra Canad\u00e1 para de esa forma ir siguiendo su desarrollo en el Tri.<\/p>\n<p>Sin embargo, la lesi\u00f3n de tobillo de N\u00e9stor Araujo e har\u00eda agitar el esquema al no contar con \u00e9l.<\/p>\n<p>Con informaci\u00f3n de\u00a0 Exc\u00e9lsior<\/p>\n","protected":false},"excerpt":{"rendered":"<p>Ra\u00fal Jim\u00e9nez est\u00e1 de vuelta con la Selecci\u00f3n Mexicana tras sufrir una fractura de cr\u00e1neo y batallar para que su equipo ,el Wolverhampton, diera el permiso para viajar con los problemas de pandemia covid que existen. La \u00faltima vez que estuvo en un juego de la selecci\u00f3n\u00a0\u00a0 fue el 17 de noviembre de 2020 cuando &hellip;<\/p>\n","protected":false},"author":6,"featured_media":10211,"comment_status":"open","ping_status":"closed","sticky":false,"template":"","format":"standard","meta":[],"categories":[45],"tags":[833,85,963,106],"_links":{"self":[{"href":"https:\/\/www.elgrillitosuena.com\/inicio\/wp-json\/wp\/v2\/posts\/10210"}],"collection":[{"href":"https:\/\/www.elgrillitosuena.com\/inicio\/wp-json\/wp\/v2\/posts"}],"about":[{"href":"https:\/\/www.elgrillitosuena.com\/inicio\/wp-json\/wp\/v2\/types\/post"}],"author":[{"embeddable":true,"href":"https:\/\/www.elgrillitosuena.com\/inicio\/wp-json\/wp\/v2\/users\/6"}],"replies":[{"embeddable":true,"href":"https:\/\/www.elgrillitosuena.com\/inicio\/wp-json\/wp\/v2\/comments?post=10210"}],"version-history":[{"count":1,"href":"https:\/\/www.elgrillitosuena.com\/inicio\/wp-json\/wp\/v2\/posts\/10210\/revisions"}],"predecessor-version":[{"id":10212,"href":"https:\/\/www.elgrillitosuena.com\/inicio\/wp-json\/wp\/v2\/posts\/10210\/revisions\/10212"}],"wp:featuredmedia":[{"embeddable":true,"href":"https:\/\/www.elgrillitosuena.com\/inicio\/wp-json\/wp\/v2\/media\/10211"}],"wp:attachment":[{"href":"https:\/\/www.elgrillitosuena.com\/inicio\/wp-json\/wp\/v2\/media?parent=10210"}],"wp:term":[{"taxonomy":"category","embeddable":true,"href":"https:\/\/www.elgrillitosuena.com\/inicio\/wp-json\/wp\/v2\/categories?post=10210"},{"taxonomy":"post_tag","embeddable":true,"href":"https:\/\/www.elgrillitosuena.com\/inicio\/wp-json\/wp\/v2\/tags?post=10210"}],"curies":[{"name":"wp","href":"https:\/\/api.w.org\/{rel}","templated":true}]}}