{"id":10122,"date":"2021-10-04T18:20:40","date_gmt":"2021-10-04T18:20:40","guid":{"rendered":"https:\/\/www.elgrillitosuena.com\/inicio\/?p=10122"},"modified":"2021-10-04T18:20:40","modified_gmt":"2021-10-04T18:20:40","slug":"kishida-convoca-a-elecciones-anticipadas-en-japon-para-el-31-de-octubre","status":"publish","type":"post","link":"https:\/\/www.elgrillitosuena.com\/inicio\/noticias\/mundo\/kishida-convoca-a-elecciones-anticipadas-en-japon-para-el-31-de-octubre\/","title":{"rendered":"Kishida convoca a elecciones anticipadas en Jap\u00f3n para el 31 de octubre"},"content":{"rendered":"<p><img decoding=\"async\" src=\"https:\/\/cdn2.excelsior.com.mx\/media\/styles\/image800x600\/public\/pictures\/2021\/10\/04\/2652089.jpg\" \/><\/p>\n<p>El\u00a0<strong>nuevo primer ministro<\/strong>\u00a0de\u00a0<strong>Jap\u00f3n<\/strong>,\u00a0<strong>Fumio Kishida<\/strong>, convoc\u00f3 este lunes a\u00a0<strong>elecciones parlamentarias\u00a0<\/strong>para el\u00a0<strong>31 de octubre<\/strong>\u00a0y prometi\u00f3 reforzar la\u00a0<strong>respuesta<\/strong>\u00a0del\u00a0<strong>Gobierno<\/strong>\u00a0a la\u00a0<strong>pandemia<\/strong>\u00a0de\u00a0<strong>coronavirus<\/strong>, poco despu\u00e9s de ser confirmado formalmente por los legisladores como gobernante del pa\u00eds.<\/p>\n<p><strong>Kishida<\/strong>, un<strong>\u00a0exministro<\/strong>\u00a0de\u00a0<strong>Relaciones Exteriores<\/strong>\u00a0de 64 a\u00f1os considerado como un\u00a0<strong>experto<\/strong>\u00a0generador de\u00a0<strong>consensos<\/strong>, revel\u00f3 anteriormente la composici\u00f3n de su\u00a0<strong>Gabinete<\/strong>, dominado por aliados del exprimer ministro Shinzo Abe y el exministro de Finanzas Taro Aso.<\/p>\n<blockquote><p>Quiero asegurarme de que implementamos pol\u00edticas econ\u00f3micas y contramedidas contra el coronavirus audaces y a gran escala. Para hacerlo, debemos preguntarles a las personas si conf\u00edan en m\u00ed, Kishida, para llevar a cabo estas pol\u00edticas&#8221;, coment\u00f3\u00a0el primer ministro en su primera conferencia de prensa tras asumir el cargo.<\/p><\/blockquote>\n<blockquote><p>Me gustar\u00eda llevar adelante un Gobierno basado en la confianza y la empat\u00eda bajo el mandato del pueblo&#8221;, agreg\u00f3, bas\u00e1ndose en el tema principal de su campa\u00f1a para liderar el partido gobernante: hacer la pol\u00edtica m\u00e1s accesible al p\u00fablico.<\/p><\/blockquote>\n<p>Si bien Kishida podr\u00eda disfrutar de la luna de miel que generalmente brinda la llegada de nuevos gobiernos, analistas dicen que probablemente no deber\u00eda perder tiempo, dados los riesgos planteados por la pandemia, y que primero necesita estrechar lazos dentro del Partido Liberal Democr\u00e1tico (PLD) en el poder para las pr\u00f3ximas elecciones.<\/p>\n<p>El Parlamento ahora se disolver\u00e1 el 14 de octubre.<\/p>\n<p>Kishida dijo que considerar\u00eda los subsidios por el covid-19, y agreg\u00f3 que tambi\u00e9n orden\u00f3 a los ministros que supervisan la respuesta a la pandemia para que elaboren pol\u00edticas sobre la distribuci\u00f3n de vacunas, fortalezcan la red de hospitales y ampl\u00eden las pruebas para ayudar a reabrir la econom\u00eda.<\/p>\n<p>El lunes, los nuevos casos de coronavirus totalizaron 87 en Tokio, el nivel m\u00e1s bajo desde el 2 de noviembre del a\u00f1o pasado.<\/p>\n<p>El predecesor de Kishida, Yoshihide Suga, obtuvo \u00edndices de apoyo de alrededor del 70% poco despu\u00e9s de asumir el cargo hace un a\u00f1o, pero fue objeto de fuertes cr\u00edticas por su manejo de la pandemia.<\/p>\n<p>Tras la decisi\u00f3n de Suga de dar paso al costado, Kishida venci\u00f3 a tres rivales para llegar a la jefatura PLD la semana pasada, allanando el camino para que el Parlamento lo eligiese oficialmente como primer ministro.<\/p>\n<p>Con informaci\u00f3n de Exc\u00e9lsior<\/p>\n","protected":false},"excerpt":{"rendered":"<p>El\u00a0nuevo primer ministro\u00a0de\u00a0Jap\u00f3n,\u00a0Fumio Kishida, convoc\u00f3 este lunes a\u00a0elecciones parlamentarias\u00a0para el\u00a031 de octubre\u00a0y prometi\u00f3 reforzar la\u00a0respuesta\u00a0del\u00a0Gobierno\u00a0a la\u00a0pandemia\u00a0de\u00a0coronavirus, poco despu\u00e9s de ser confirmado formalmente por los legisladores como gobernante del pa\u00eds. Kishida, un\u00a0exministro\u00a0de\u00a0Relaciones Exteriores\u00a0de 64 a\u00f1os considerado como un\u00a0experto\u00a0generador de\u00a0consensos, revel\u00f3 anteriormente la composici\u00f3n de su\u00a0Gabinete, dominado por aliados del exprimer ministro Shinzo Abe y el exministro &hellip;<\/p>\n","protected":false},"author":6,"featured_media":10123,"comment_status":"open","ping_status":"closed","sticky":false,"template":"","format":"standard","meta":[],"categories":[40],"tags":[2821,105,925,2822],"_links":{"self":[{"href":"https:\/\/www.elgrillitosuena.com\/inicio\/wp-json\/wp\/v2\/posts\/10122"}],"collection":[{"href":"https:\/\/www.elgrillitosuena.com\/inicio\/wp-json\/wp\/v2\/posts"}],"about":[{"href":"https:\/\/www.elgrillitosuena.com\/inicio\/wp-json\/wp\/v2\/types\/post"}],"author":[{"embeddable":true,"href":"https:\/\/www.elgrillitosuena.com\/inicio\/wp-json\/wp\/v2\/users\/6"}],"replies":[{"embeddable":true,"href":"https:\/\/www.elgrillitosuena.com\/inicio\/wp-json\/wp\/v2\/comments?post=10122"}],"version-history":[{"count":1,"href":"https:\/\/www.elgrillitosuena.com\/inicio\/wp-json\/wp\/v2\/posts\/10122\/revisions"}],"predecessor-version":[{"id":10124,"href":"https:\/\/www.elgrillitosuena.com\/inicio\/wp-json\/wp\/v2\/posts\/10122\/revisions\/10124"}],"wp:featuredmedia":[{"embeddable":true,"href":"https:\/\/www.elgrillitosuena.com\/inicio\/wp-json\/wp\/v2\/media\/10123"}],"wp:attachment":[{"href":"https:\/\/www.elgrillitosuena.com\/inicio\/wp-json\/wp\/v2\/media?parent=10122"}],"wp:term":[{"taxonomy":"category","embeddable":true,"href":"https:\/\/www.elgrillitosuena.com\/inicio\/wp-json\/wp\/v2\/categories?post=10122"},{"taxonomy":"post_tag","embeddable":true,"href":"https:\/\/www.elgrillitosuena.com\/inicio\/wp-json\/wp\/v2\/tags?post=10122"}],"curies":[{"name":"wp","href":"https:\/\/api.w.org\/{rel}","templated":true}]}}