{"id":1000,"date":"2020-08-31T17:04:42","date_gmt":"2020-08-31T17:04:42","guid":{"rendered":"https:\/\/www.elgrillitosuena.com\/inicio\/?p=1000"},"modified":"2020-08-31T17:41:45","modified_gmt":"2020-08-31T17:41:45","slug":"uruapan-con-mas-de-1500-contagios-por-covid-19","status":"publish","type":"post","link":"https:\/\/www.elgrillitosuena.com\/inicio\/noticias\/uruapan\/uruapan-con-mas-de-1500-contagios-por-covid-19\/","title":{"rendered":"Uruapan, con m\u00e1s de 1500 contagios por Covid-19"},"content":{"rendered":"<p>&nbsp;<\/p>\n<p><img decoding=\"async\" loading=\"lazy\" class=\"alignnone wp-image-998\" src=\"https:\/\/www.elgrillitosuena.com\/inicio\/wp-content\/uploads\/2020\/08\/Codd-300x188.jpg\" alt=\"\" width=\"600\" height=\"376\" srcset=\"https:\/\/www.elgrillitosuena.com\/inicio\/wp-content\/uploads\/2020\/08\/Codd-300x188.jpg 300w, https:\/\/www.elgrillitosuena.com\/inicio\/wp-content\/uploads\/2020\/08\/Codd.jpg 400w\" sizes=\"(max-width: 600px) 100vw, 600px\" \/><\/p>\n<p>Uruapan, Mich.- Hasta este fin de mes, el municipio de Uruapan, registr\u00f3 m\u00e1s de 1500 contagios por Covid-19, principalmente en edades laborales que oscilan entre los 20 a los 40 a\u00f1os de edad, principalmente en hombres.<\/p>\n<p>Tal como lo ha informado el gobierno del estado que preside el todas m\u00edas michoacano, Silvano Aureoles Conejo, es importante tomar conciencia de frente a esta pandemia y seguir con las medidas sanitarias como lo son: el lavado constante de manos, el uso de cubre bocas, la sana distancia y el evitar lugares concurridos o reuniones de m\u00e1s de 5 personas.<\/p>\n<p>Cabe destacar que en Uruapan los hospitales se encuentran repletos de pacientes contagiados por este virus, como es el caso del hospital general del municipio &#8220;Dr.Pedro Daniel Mart\u00ednez&#8221; el cual registra hasta este momento una ocupaci\u00f3n del 35 al 64 por ciento, siendo es el nosocomio con mayor demanda de atenci\u00f3n, de acuerdo en el monitoreo epidemiol\u00f3gico se la Secretar\u00eda de Salud en el Estado.<\/p>\n<p><img decoding=\"async\" loading=\"lazy\" class=\"alignnone wp-image-997\" src=\"https:\/\/www.elgrillitosuena.com\/inicio\/wp-content\/uploads\/2020\/08\/FOTO-1-1-300x168.jpg\" alt=\"\" width=\"437\" height=\"245\" srcset=\"https:\/\/www.elgrillitosuena.com\/inicio\/wp-content\/uploads\/2020\/08\/FOTO-1-1-300x168.jpg 300w, https:\/\/www.elgrillitosuena.com\/inicio\/wp-content\/uploads\/2020\/08\/FOTO-1-1.jpg 720w\" sizes=\"(max-width: 437px) 100vw, 437px\" \/><\/p>\n","protected":false},"excerpt":{"rendered":"<p>&nbsp; Uruapan, Mich.- Hasta este fin de mes, el municipio de Uruapan, registr\u00f3 m\u00e1s de 1500 contagios por Covid-19, principalmente en edades laborales que oscilan entre los 20 a los 40 a\u00f1os de edad, principalmente en hombres. Tal como lo ha informado el gobierno del estado que preside el todas m\u00edas michoacano, Silvano Aureoles Conejo, &hellip;<\/p>\n","protected":false},"author":2,"featured_media":998,"comment_status":"open","ping_status":"closed","sticky":false,"template":"","format":"standard","meta":[],"categories":[37],"tags":[79,61,63],"_links":{"self":[{"href":"https:\/\/www.elgrillitosuena.com\/inicio\/wp-json\/wp\/v2\/posts\/1000"}],"collection":[{"href":"https:\/\/www.elgrillitosuena.com\/inicio\/wp-json\/wp\/v2\/posts"}],"about":[{"href":"https:\/\/www.elgrillitosuena.com\/inicio\/wp-json\/wp\/v2\/types\/post"}],"author":[{"embeddable":true,"href":"https:\/\/www.elgrillitosuena.com\/inicio\/wp-json\/wp\/v2\/users\/2"}],"replies":[{"embeddable":true,"href":"https:\/\/www.elgrillitosuena.com\/inicio\/wp-json\/wp\/v2\/comments?post=1000"}],"version-history":[{"count":4,"href":"https:\/\/www.elgrillitosuena.com\/inicio\/wp-json\/wp\/v2\/posts\/1000\/revisions"}],"predecessor-version":[{"id":1016,"href":"https:\/\/www.elgrillitosuena.com\/inicio\/wp-json\/wp\/v2\/posts\/1000\/revisions\/1016"}],"wp:featuredmedia":[{"embeddable":true,"href":"https:\/\/www.elgrillitosuena.com\/inicio\/wp-json\/wp\/v2\/media\/998"}],"wp:attachment":[{"href":"https:\/\/www.elgrillitosuena.com\/inicio\/wp-json\/wp\/v2\/media?parent=1000"}],"wp:term":[{"taxonomy":"category","embeddable":true,"href":"https:\/\/www.elgrillitosuena.com\/inicio\/wp-json\/wp\/v2\/categories?post=1000"},{"taxonomy":"post_tag","embeddable":true,"href":"https:\/\/www.elgrillitosuena.com\/inicio\/wp-json\/wp\/v2\/tags?post=1000"}],"curies":[{"name":"wp","href":"https:\/\/api.w.org\/{rel}","templated":true}]}}